{"id":134203,"date":"2026-01-22T18:47:34","date_gmt":"2026-01-22T18:47:34","guid":{"rendered":"https:\/\/rdnews.al\/?p=134203"},"modified":"2026-01-22T18:47:34","modified_gmt":"2026-01-22T18:47:34","slug":"birn-kryeministri-kuvendi-dhe-presidenti-kunder-spak-per-ballukun","status":"publish","type":"post","link":"https:\/\/rdnews.al\/index.php\/2026\/01\/22\/birn-kryeministri-kuvendi-dhe-presidenti-kunder-spak-per-ballukun\/","title":{"rendered":"BIRN: Kryeministri, Kuvendi dhe Presidenti kund\u00ebr SPAK p\u00ebr Ballukun!"},"content":{"rendered":"<p>Gjykata Kushtetuese p\u00ebrfundoi t\u00eb enjten shqyrtimin e \u00e7\u00ebshtjes p\u00ebr ligjshm\u00ebrin\u00eb e pezullimit nga detyra e zv.kryeministres dhe ministres s\u00eb Infrastruktur\u00ebs dhe Energjis\u00eb, Belinda Balluku, e cila \u00ebsht\u00eb marr\u00eb e pandehur nga Prokuroria e Posa\u00e7me, SPAK, p\u00ebr vepr\u00ebn penale t\u00eb \u201cshkeljes s\u00eb barazis\u00eb n\u00eb tendera\u201d n\u00eb disa procedura tenderimi me vler\u00eb qindra-milion\u00eb euro.<\/p>\n<p>Gjykata u vu n\u00eb l\u00ebvizje nga nj\u00eb k\u00ebrkes\u00eb e kryeministrit Edi Rama, i cili pretendoi se Gjykata e Posa\u00e7me, GJKKO, kishte nd\u00ebrhyr\u00eb n\u00eb kompetencat e tij kushtetuese me pezullimin nga funksionet ekzekutive t\u00eb bashk\u00ebpun\u00ebtores s\u00eb tij dhe se masa binte ndesh me imunitetin q\u00eb Kushtetuta u jep deputet\u00ebve dhe ministrave.<\/p>\n<p>Me t\u00eb nj\u00ebjtat argumente u paraqit\u00ebn n\u00eb seanc\u00ebs e s\u00eb enjtes para trup\u00ebs s\u00eb gjyqtar\u00ebve t\u00eb Gjykat\u00ebs Kushtetuese edhe p\u00ebrfaq\u00ebsuesit ligjor\u00eb t\u00eb Kuvendit t\u00eb Shqip\u00ebris\u00eb dhe Presidentit t\u00eb Republik\u00ebs, q\u00eb mor\u00ebn pjes\u00eb si pal\u00eb t\u00eb interesuara n\u00eb proces.<\/p>\n<p>Edhe pse po shqyrtohej nj\u00eb vendim i marr\u00eb nga ky organ, Gjykata e Posa\u00e7me njoftoi mosprezenc\u00ebn n\u00eb seanc\u00eb, pasi n\u00eb vler\u00ebsimin e saj nuk mund t\u00eb legjitimohej si pal\u00eb n\u00eb gjykimin kushtetues me k\u00ebrkues kryeministrin.<\/p>\n<p>\u201cN\u00eb nj\u00eb shtet demokratik t\u00eb s\u00eb drejt\u00ebs, t\u00eb bazuar n\u00eb parimin e sundimit t\u00eb ligjit dhe t\u00eb ndarjes s\u00eb pushteteve, nj\u00eb gjykat\u00eb nuk mund t\u00eb thirret dhe as t\u00eb legjitimohet si pal\u00eb n\u00eb nj\u00eb gjykim kushtetues p\u00ebr t\u00eb b\u00ebr\u00eb parashtrime apo p\u00ebr t\u00eb mbrojtur nj\u00eb vendim t\u00eb dh\u00ebn\u00eb prej saj. Pjes\u00ebmarrja e GJKKO-s\u00eb si pal\u00eb e interesuar n\u00eb Gjykat\u00ebn Kushtetuese do t\u00eb cenonte parimin e ndarjes s\u00eb pushteteve dhe pavar\u00ebsin\u00eb e brendshme t\u00eb pushtetit gjyq\u00ebsor,\u201d tha Gjykata e Posa\u00e7me p\u00ebrmes nj\u00eb njoftimi.<\/p>\n<p><span style=\"font-style: inherit; font-weight: inherit;\">Vendimin p\u00ebr pezullimin nga detyra t\u00eb Ballukut e mbrojt\u00ebn prokuror\u00ebt e SPAK-ut, Dritan Pren\u00e7i dhe Dorina Bejko, t\u00eb cil\u00ebt argumentuan se masa e pezullimit nga detyra nuk c\u00ebnonte kompetencat e Kryeministrit, por ishte b\u00ebr\u00eb n\u00eb favor t\u00eb interesit publik, pasi q\u00ebndrimi n\u00eb detyr\u00eb i t\u00eb pandehur\u00ebs p\u00ebrb\u00ebn rrezik p\u00ebr p\u00ebrs\u00ebritjen e krimit p\u00ebr t\u00eb cil\u00ebn akuzohet dhe helmim t\u00eb provave n\u00eb d\u00ebm t\u00eb hetimit ndaj saj.<\/span><\/p>\n<p>SPAK e konsideroi ankes\u00ebn e Kryeministrit n\u00eb Gjykat\u00eb Kushtetuese p\u00ebr t\u00eb shfuqizuar nj\u00eb mas\u00eb gjykate si nd\u00ebrhyrje n\u00eb pun\u00ebn e organeve ligjore t\u00eb drejt\u00ebsis\u00eb.<\/p>\n<p>\u201cHetimet e deritanishme kan\u00eb zbuluar prova se ajo mund t\u00eb ket\u00eb kryer edhe vepra t\u00eb tjera penale. Duke marr\u00eb parasysh detyrat e t\u00eb pandehur\u00ebs q\u00eb drejton nj\u00eb ministri t\u00eb madhe, si n\u00eb struktur\u00eb dhe n\u00eb buxhet, dhe duke marr\u00eb parasysh ndikimin e mundsh\u00ebm t\u00eb saj n\u00eb proceset tenderuese dhe p\u00ebrdorimin e detyr\u00ebs publike, rrezikshm\u00ebria shoq\u00ebrore \u00ebsht\u00eb e lart\u00eb dhe ekziston rreziku q\u00eb t\u00eb kryej\u00eb vepra t\u00eb tjera penale, t\u00eb pengoj\u00eb hetimin, t\u00eb manipuloj\u00eb provat apo dhe t\u00eb largohet,\u201d tha prokurori Pren\u00e7i para Gjykat\u00ebs Kushtetuese.<\/p>\n<p>Prokurori tha gjithashtu se pretendimet e Kryeministrit jan\u00eb t\u00eb pamb\u00ebshtetura dhe ndikojn\u00eb mbi kompetencat e Gjykat\u00ebs s\u00eb Posa\u00e7me.<\/p>\n<p>\u201c\u2026mund t\u00eb krijoj\u00eb nj\u00eb precedent t\u00eb rreziksh\u00ebm, ku ekzekutivi mund t\u00eb ndikoj\u00eb n\u00eb vendimet gjyq\u00ebsore dhe n\u00eb balanc\u00ebn kushtetuese t\u00eb pushteteve,\u201d tha ai.<\/p>\n<p>Sipas prokurorit Pren\u00e7i, pezullimi nga detyra i nj\u00eb ministri nuk c\u00ebnon kompetencat e K\u00ebshillit t\u00eb Ministrave sepse ai \u00ebsht\u00eb nj\u00eb organ kolegjial dhe n\u00eb asnj\u00eb rast, puna e tij nuk pengohet nga mungesa e nj\u00eb ministri dhe po ashtu nuk \u2018e detyron\u2019 Kryeministrin q\u00eb ta shkarkoj\u00eb ministrin, pasi masa \u00ebsht\u00eb e p\u00ebrkohshme dhe vler\u00ebsohet n\u00eb m\u00ebnyr\u00eb periodike nga gjykata.<\/p>\n<p>\u201cPretendimi i Kryeministrit nuk ka baz\u00eb juridike sepse \u2018pezullimi\u2019 nuk \u00ebsht\u00eb n\u00eb baz\u00ebn ligjore n\u00eb kompetencat e tij\u201d- argumentoi m\u00eb tej ai, duke shtuar se nga ana tjet\u00ebr vendosja e mas\u00ebs s\u00eb pezullimit nga detyra \u00ebsht\u00eb ushtrim i pavarur i pushtetit gjyq\u00ebsor me karakter individual dhe si garantues p\u00ebr mbar\u00ebvajtjen e hetimeve.<\/p>\n<p>Ai e cil\u00ebsoi ankes\u00ebn e Kryeministri si tentativ\u00eb p\u00ebr t\u00eb krijuar \u201cmosmarr\u00ebveshje kompetencash artificiale\u201d dhe e vler\u00ebsoi si t\u00eb r\u00ebnd\u00ebsishme q\u00eb Gjykata Kushtetuese t\u00eb mbante parasysh garantimin e pavar\u00ebsis\u00eb s\u00eb gjyq\u00ebsorit n\u00eb vendimin e saj.<\/p>\n<p>\u201cRendi kushtetues do t\u00eb vihej n\u00eb rrezik nga shfuqizimi i mas\u00ebs,\u201d tha nd\u00ebr t\u00eb tjera Pren\u00e7i n\u00eb parashtrimet e tij n\u00eb gjykat\u00eb.<\/p>\n<p>N\u00eb nj\u00eb vendim t\u00eb m\u00ebparsh\u00ebm, Kushtetuesja vendosi t\u00eb pezulloj\u00eb vendimin e GJKKO duke rikthyer n\u00eb detyr\u00eb Ballukun, deri n\u00eb shqyrtimin n\u00eb themel t\u00eb c\u00ebshtjes, vendim ky q\u00eb p\u00ebr SPAK ka krijuar rrezik potencial p\u00ebr kryerjen e krimeve t\u00eb tjera t\u00eb ngjashme dhe helmim t\u00eb provave nga ana e s\u00eb pandehur\u00ebs.<\/p>\n<p>Nd\u00ebrkoh\u00eb q\u00eb shqyrtohet ligjshm\u00ebria e mas\u00ebs p\u00ebr pezullimin nga detyra, SPAK ka d\u00ebrguar prej dy muajsh n\u00eb Kuvend k\u00ebrkes\u00ebn p\u00ebr dh\u00ebnien e autorizimit p\u00ebr t\u00eb marr\u00eb\u00a0 nj\u00eb mas\u00eb m\u00eb t\u00eb r\u00ebnd\u00eb ndaj Ballukut, me pretendimin se ajo ka kryer vepr\u00ebn penale t\u00eb intimidimit t\u00eb d\u00ebshmitar\u00ebve pas kthimit n\u00eb detyr\u00eb.<\/p>\n<p>Shumica socialiste n\u00eb Kuvend po zvarrit marrjen e nj\u00eb vendimi me orientim t\u00eb kryeministrit Rama, nd\u00ebrsa p\u00ebrfaq\u00ebsuesja e Kuvendit n\u00eb seanc\u00ebn e Gjykat\u00ebs Kushtetuese, Mimoza Arbi, tha se edhe masa e pezullimit nga detyra duhej t\u00eb k\u00ebrkonte nj\u00eb autorizim t\u00eb Kuvendit, pasi ishin c\u00ebnuar imuniteti i garantuar n\u00eb Kushtetut\u00eb p\u00ebr deputet\u00ebt dhe se c\u00ebnon kompetencat e Kuvendit q\u00eb \u00ebsht\u00eb organi q\u00eb e ka votuar ministrin.<\/p>\n<p>\u201cDuke pranuar q\u00eb pezullimi mund t\u00eb arrij\u00eb deri te shkarkimi, cenohen kompetencat e Kuvendit si organ ligjv\u00ebn\u00ebs,\u201d tha nd\u00ebr t\u00eb tjera ajo, duke shtuar se vendimi I GJKKO krijonte konfuzion juridik n\u00eb lidhje me statusin e akteve, pasi em\u00ebrimi b\u00ebhet me dekret t\u00eb Presidentit I cili prodhon efekte juridike t\u00eb plot\u00eb dhe \u00ebsht\u00eb akt kushtetues.<\/p>\n<p>N\u00eb t\u00eb nj\u00ebjt\u00ebn linj\u00eb ishte dhe Presidenca dhe p\u00ebrfaq\u00ebsuesit ligjor\u00eb t\u00eb saj argumentuan se Kushtetuta nuk njeh mekaniz\u00ebm p\u00ebr pezullimin e an\u00ebtar\u00ebve t\u00eb K\u00ebshillit t\u00eb Ministrave, nd\u00ebrsa k\u00ebshilltari igjor i Presidentit, Ilirjan Rusmali, shtroi para trup\u00ebs s\u00eb gjyqtar\u00ebve nj\u00eb situat\u00eb hipotetike ku legjitimimi i aktit t\u00eb GJKKO mund t\u00eb \u00e7onte n\u00eb pezullim nga detyra gjith\u00eb ekzekutivin t\u00eb nj\u00ebjt\u00ebn koh\u00eb, duke l\u00ebn\u00eb vendin pa qeveri.<\/p>\n<p>P\u00ebrfaq\u00ebsuesit ligjor\u00eb t\u00eb K\u00ebshillit t\u00eb Ministrave rip\u00ebrs\u00ebrit\u00ebn argumentet e b\u00ebr\u00eb publike dhe nga vet\u00eb Rama se vendimi i gjykat\u00ebs e kishte vendosur Kryeministrit para detyrimit p\u00ebr t\u00eb shkarkuar ministren, duke nd\u00ebrhyr\u00eb k\u00ebshtu n\u00eb kompetenc\u00ebn e tij dhe kishte pamund\u00ebsuar pun\u00ebn n\u00eb ministrin\u00eb q\u00eb ajo drejton.\/<a href=\"https:\/\/www.reporter.al\/2026\/01\/22\/kryeministri-kuvendi-dhe-presidenti-bashkohen-kunder-spak-per-ballukun\/\" target=\"_blank\" rel=\"noopener\">BIRN<\/a>\/<\/p>\n","protected":false},"excerpt":{"rendered":"<p>Gjykata Kushtetuese p\u00ebrfundoi t\u00eb enjten shqyrtimin e \u00e7\u00ebshtjes p\u00ebr ligjshm\u00ebrin\u00eb e pezullimit nga detyra e zv.kryeministres dhe ministres s\u00eb Infrastruktur\u00ebs dhe Energjis\u00eb, Belinda Balluku, e cila \u00ebsht\u00eb marr\u00eb e pandehur nga Prokuroria e Posa\u00e7me, SPAK, p\u00ebr vepr\u00ebn penale t\u00eb \u201cshkeljes s\u00eb barazis\u00eb n\u00eb tendera\u201d n\u00eb disa procedura tenderimi me vler\u00eb qindra-milion\u00eb euro. Gjykata u vu &hellip;<\/p>\n","protected":false},"author":4,"featured_media":129075,"comment_status":"closed","ping_status":"closed","sticky":false,"template":"","format":"standard","meta":{"footnotes":""},"categories":[37],"tags":[],"class_list":["post-134203","post","type-post","status-publish","format-standard","has-post-thumbnail","","category-politike"],"_links":{"self":[{"href":"https:\/\/rdnews.al\/index.php\/wp-json\/wp\/v2\/posts\/134203","targetHints":{"allow":["GET"]}}],"collection":[{"href":"https:\/\/rdnews.al\/index.php\/wp-json\/wp\/v2\/posts"}],"about":[{"href":"https:\/\/rdnews.al\/index.php\/wp-json\/wp\/v2\/types\/post"}],"author":[{"embeddable":true,"href":"https:\/\/rdnews.al\/index.php\/wp-json\/wp\/v2\/users\/4"}],"replies":[{"embeddable":true,"href":"https:\/\/rdnews.al\/index.php\/wp-json\/wp\/v2\/comments?post=134203"}],"version-history":[{"count":1,"href":"https:\/\/rdnews.al\/index.php\/wp-json\/wp\/v2\/posts\/134203\/revisions"}],"predecessor-version":[{"id":134204,"href":"https:\/\/rdnews.al\/index.php\/wp-json\/wp\/v2\/posts\/134203\/revisions\/134204"}],"wp:featuredmedia":[{"embeddable":true,"href":"https:\/\/rdnews.al\/index.php\/wp-json\/wp\/v2\/media\/129075"}],"wp:attachment":[{"href":"https:\/\/rdnews.al\/index.php\/wp-json\/wp\/v2\/media?parent=134203"}],"wp:term":[{"taxonomy":"category","embeddable":true,"href":"https:\/\/rdnews.al\/index.php\/wp-json\/wp\/v2\/categories?post=134203"},{"taxonomy":"post_tag","embeddable":true,"href":"https:\/\/rdnews.al\/index.php\/wp-json\/wp\/v2\/tags?post=134203"}],"curies":[{"name":"wp","href":"https:\/\/api.w.org\/{rel}","templated":true}]}}