{"id":134205,"date":"2026-01-22T18:50:34","date_gmt":"2026-01-22T18:50:34","guid":{"rendered":"https:\/\/rdnews.al\/?p=134205"},"modified":"2026-01-22T21:08:13","modified_gmt":"2026-01-22T21:08:13","slug":"gati-te-paguaje-per-nje-foto-me-trump-gazetari-raportet-e-rames-me-shba-ne-jane-te-ngrira","status":"publish","type":"post","link":"https:\/\/rdnews.al\/index.php\/2026\/01\/22\/gati-te-paguaje-per-nje-foto-me-trump-gazetari-raportet-e-rames-me-shba-ne-jane-te-ngrira\/","title":{"rendered":"\u201cGati t\u00eb paguaj\u00eb p\u00ebr nj\u00eb foto me Trump\u201d, gazetari: Raportet e Ram\u00ebs me SHBA jan\u00eb t\u00eb ngrira"},"content":{"rendered":"<p><strong>Klodian Tomorri<\/strong><\/p>\n<p>Ajo q\u00eb ne po diskutonim dhe q\u00eb ka t\u00eb b\u00ebj\u00eb me munges\u00ebn e \u00e7uditshme t\u00eb pjes\u00ebmarrjes s\u00eb zotit Rama n\u00eb Davos, p\u00ebrtej justifikimeve q\u00eb jep kryeministri, se \u201cun\u00eb kisha vajz\u00ebn e presidentit amerikan k\u00ebtu dhe duhej ta mikprisja at\u00eb\u201d, ka nj\u00eb gj\u00eb q\u00eb e din\u00eb t\u00eb gjith\u00eb. Edi Rama \u00ebsht\u00eb i gatsh\u00ebm t\u00eb b\u00ebj\u00eb \u00e7far\u00ebdo dhe t\u00eb paguaj\u00eb pafund p\u00ebr nj\u00eb foto me Donald Trump. Qoft\u00eb edhe nj\u00eb foto, jo m\u00eb t\u00eb ishte i ulur n\u00eb nj\u00eb tryez\u00eb, n\u00eb nj\u00eb tryez\u00eb me presidentin e Shteteve t\u00eb Bashkuara t\u00eb Amerik\u00ebs.<\/p>\n<p>Dhe kjo i rr\u00ebzon t\u00eb gjitha ato alibit\u00eb apo justifikimet q\u00eb kryeministri b\u00ebn p\u00ebrse nuk shkoi n\u00eb Davos. Sepse, si\u00e7 u diskutua k\u00ebtu, ai ka pasur koh\u00eb, e ka pasur mund\u00ebsin\u00eb t\u00eb priste, t\u00eb darkonte me vajz\u00ebn e presidentit dhe gjithashtu t\u00eb shkonte n\u00eb Davos. Ky njeri q\u00eb merr charter-in, q\u00eb ka p\u00ebrdorur charter-a pafund dhe ka shkuar n\u00eb aktivitete OJF-sh q\u00eb nuk kishin asnj\u00eb vler\u00eb, tani vendosi t\u00eb mos shkoj\u00eb n\u00eb nj\u00eb aktivitet ku ishte njeriu m\u00eb i fuqish\u00ebm i bot\u00ebs, presidenti Donald Trump. Pra, duket se zoti Rama, pavar\u00ebsisht darkave, dhe un\u00eb nuk e shoh ndonj\u00eb ngjarje t\u00eb madhe faktin q\u00eb ai shkoi dhe darkoi me vajz\u00ebn e presidentit Donald Trump, se, n\u00eb fakt, para dy ose tre dit\u00ebsh ai ishte me Jared Kushnerin, n\u00eb nj\u00eb foto diku jasht\u00eb shtetit, n\u00eb nj\u00eb aktivitet.<\/p>\n<p>\u00c7\u00ebshtja \u00ebsht\u00eb q\u00eb zoti Rama nuk ka akses n\u00eb Uashingtonin zyrtar. Dhe kjo tashm\u00eb \u00ebsht\u00eb e qart\u00eb p\u00ebr t\u00eb gjith\u00eb. Nuk ka akses, jo vet\u00ebm atje, por edhe raportet me ambasad\u00ebn e Shteteve t\u00eb Bashkuara t\u00eb Amerik\u00ebs k\u00ebtu n\u00eb Tiran\u00eb jan\u00eb t\u00eb ngrira. Praktikisht ne e kemi par\u00eb, nuk ka vizita t\u00eb ngarkuar\u00ebs me pun\u00eb n\u00eb kryeministri, nuk ka takime t\u00eb ve\u00e7anta\u2026<\/p>\n<p>Duket sikur Uashingtoni zyrtar, dhe Uashingtoni zyrtar \u00ebsht\u00eb m\u00eb i madh sesa presidenti, ka vendosur nj\u00eb barrier\u00eb ndaj qeveris\u00eb s\u00eb Shqip\u00ebris\u00eb. Nj\u00eb barrier\u00eb q\u00eb nuk mund t\u00eb thyhet me darkat q\u00eb zoti Rama mund t\u00eb haj\u00eb, qoft\u00eb me vajz\u00ebn e presidentit Trump, Ivanka Trump, qoft\u00eb me dh\u00ebndrin e tij, Jared Kushner.<\/p>\n","protected":false},"excerpt":{"rendered":"<p>Klodian Tomorri Ajo q\u00eb ne po diskutonim dhe q\u00eb ka t\u00eb b\u00ebj\u00eb me munges\u00ebn e \u00e7uditshme t\u00eb pjes\u00ebmarrjes s\u00eb zotit Rama n\u00eb Davos, p\u00ebrtej justifikimeve q\u00eb jep kryeministri, se \u201cun\u00eb kisha vajz\u00ebn e presidentit amerikan k\u00ebtu dhe duhej ta mikprisja at\u00eb\u201d, ka nj\u00eb gj\u00eb q\u00eb e din\u00eb t\u00eb gjith\u00eb. Edi Rama \u00ebsht\u00eb i gatsh\u00ebm t\u00eb &hellip;<\/p>\n","protected":false},"author":4,"featured_media":127651,"comment_status":"closed","ping_status":"closed","sticky":false,"template":"","format":"standard","meta":{"footnotes":""},"categories":[37],"tags":[],"class_list":["post-134205","post","type-post","status-publish","format-standard","has-post-thumbnail","","category-politike"],"_links":{"self":[{"href":"https:\/\/rdnews.al\/index.php\/wp-json\/wp\/v2\/posts\/134205","targetHints":{"allow":["GET"]}}],"collection":[{"href":"https:\/\/rdnews.al\/index.php\/wp-json\/wp\/v2\/posts"}],"about":[{"href":"https:\/\/rdnews.al\/index.php\/wp-json\/wp\/v2\/types\/post"}],"author":[{"embeddable":true,"href":"https:\/\/rdnews.al\/index.php\/wp-json\/wp\/v2\/users\/4"}],"replies":[{"embeddable":true,"href":"https:\/\/rdnews.al\/index.php\/wp-json\/wp\/v2\/comments?post=134205"}],"version-history":[{"count":3,"href":"https:\/\/rdnews.al\/index.php\/wp-json\/wp\/v2\/posts\/134205\/revisions"}],"predecessor-version":[{"id":134211,"href":"https:\/\/rdnews.al\/index.php\/wp-json\/wp\/v2\/posts\/134205\/revisions\/134211"}],"wp:featuredmedia":[{"embeddable":true,"href":"https:\/\/rdnews.al\/index.php\/wp-json\/wp\/v2\/media\/127651"}],"wp:attachment":[{"href":"https:\/\/rdnews.al\/index.php\/wp-json\/wp\/v2\/media?parent=134205"}],"wp:term":[{"taxonomy":"category","embeddable":true,"href":"https:\/\/rdnews.al\/index.php\/wp-json\/wp\/v2\/categories?post=134205"},{"taxonomy":"post_tag","embeddable":true,"href":"https:\/\/rdnews.al\/index.php\/wp-json\/wp\/v2\/tags?post=134205"}],"curies":[{"name":"wp","href":"https:\/\/api.w.org\/{rel}","templated":true}]}}