{"id":134208,"date":"2026-01-22T20:35:22","date_gmt":"2026-01-22T20:35:22","guid":{"rendered":"https:\/\/rdnews.al\/?p=134208"},"modified":"2026-01-22T20:35:22","modified_gmt":"2026-01-22T20:35:22","slug":"rama-i-kerkoi-ivankes-qe-te-nderhynte-per-ti-siguruar-nje-foto-me-presidentin-trump","status":"publish","type":"post","link":"https:\/\/rdnews.al\/index.php\/2026\/01\/22\/rama-i-kerkoi-ivankes-qe-te-nderhynte-per-ti-siguruar-nje-foto-me-presidentin-trump\/","title":{"rendered":"Rama i k\u00ebrkoi Ivank\u00ebs q\u00eb t\u00eb nd\u00ebrhynte p\u00ebr ti siguruar nj\u00eb foto me Presidentin Trump"},"content":{"rendered":"<p>N\u00eb dark\u00ebn e shtruar n\u00eb Vlor\u00eb ku Rama ju bashkua delegacionit t\u00eb Ivanka Trump, raportohet se kreu i regjimit ka k\u00ebrkuar nd\u00ebrmjet\u00ebsimin e Ivank\u00ebs q\u00eb ai t\u00eb b\u00ebnte nj\u00eb foto me Presidentin Trump. E bija e Presidentit e ka shmangur me eleganc\u00eb nj\u00eb p\u00ebrgjije duke mos i garantuar atij nj\u00eb gj\u00eb t\u00eb till\u00eb. Ka shum\u00eb pik\u00ebpyetje mbi vizit\u00ebn private t\u00eb Ivanka Trump, por dyshimet jan\u00eb se ajo \u00ebsht\u00eb pjes\u00eb e nj\u00eb lobimi t\u00eb Ram\u00ebs. Po k\u00ebshtu ka shum\u00eb pik\u00ebpyetje se p\u00ebrse Rama nuk u b\u00eb pjes\u00eb e themeluesve t\u00eb nism\u00ebs s\u00eb Presidentit Trump p\u00ebr krijimin e Bordit t\u00eb Paqes. P\u00ebrgjigjja e Ram\u00ebs se mes Ivank\u00ebs dhe Presidentit t\u00eb SHBA kishte zgjedhur nj\u00eb dark\u00eb private me Ivak\u00ebn dhe stafin e saj \u00ebsht\u00eb sa qesharake aq edhe domethen\u00ebse. Rama ka synuar t\u00eb kuroj\u00eb marr\u00ebdh\u00ebniet me Presidentin Trump duke ftuar Ivank\u00ebn por refuzimi p\u00ebr t\u00eb qen\u00eb pjes\u00eb e themeluesve t\u00eb Bodit t\u00eb Paqes t\u00eb Trump \u00ebsht\u00eb nj\u00eb d\u00ebshmi e qart\u00eb se Rama ka nj\u00eb rrethim diplomatik dhe zyrtar nga Shtetet e Bashkuara.<\/p>\n","protected":false},"excerpt":{"rendered":"<p>N\u00eb dark\u00ebn e shtruar n\u00eb Vlor\u00eb ku Rama ju bashkua delegacionit t\u00eb Ivanka Trump, raportohet se kreu i regjimit ka k\u00ebrkuar nd\u00ebrmjet\u00ebsimin e Ivank\u00ebs q\u00eb ai t\u00eb b\u00ebnte nj\u00eb foto me Presidentin Trump. E bija e Presidentit e ka shmangur me eleganc\u00eb nj\u00eb p\u00ebrgjije duke mos i garantuar atij nj\u00eb gj\u00eb t\u00eb till\u00eb. Ka shum\u00eb &hellip;<\/p>\n","protected":false},"author":3,"featured_media":134209,"comment_status":"closed","ping_status":"closed","sticky":false,"template":"","format":"standard","meta":{"footnotes":""},"categories":[37],"tags":[],"class_list":["post-134208","post","type-post","status-publish","format-standard","has-post-thumbnail","","category-politike"],"_links":{"self":[{"href":"https:\/\/rdnews.al\/index.php\/wp-json\/wp\/v2\/posts\/134208","targetHints":{"allow":["GET"]}}],"collection":[{"href":"https:\/\/rdnews.al\/index.php\/wp-json\/wp\/v2\/posts"}],"about":[{"href":"https:\/\/rdnews.al\/index.php\/wp-json\/wp\/v2\/types\/post"}],"author":[{"embeddable":true,"href":"https:\/\/rdnews.al\/index.php\/wp-json\/wp\/v2\/users\/3"}],"replies":[{"embeddable":true,"href":"https:\/\/rdnews.al\/index.php\/wp-json\/wp\/v2\/comments?post=134208"}],"version-history":[{"count":1,"href":"https:\/\/rdnews.al\/index.php\/wp-json\/wp\/v2\/posts\/134208\/revisions"}],"predecessor-version":[{"id":134210,"href":"https:\/\/rdnews.al\/index.php\/wp-json\/wp\/v2\/posts\/134208\/revisions\/134210"}],"wp:featuredmedia":[{"embeddable":true,"href":"https:\/\/rdnews.al\/index.php\/wp-json\/wp\/v2\/media\/134209"}],"wp:attachment":[{"href":"https:\/\/rdnews.al\/index.php\/wp-json\/wp\/v2\/media?parent=134208"}],"wp:term":[{"taxonomy":"category","embeddable":true,"href":"https:\/\/rdnews.al\/index.php\/wp-json\/wp\/v2\/categories?post=134208"},{"taxonomy":"post_tag","embeddable":true,"href":"https:\/\/rdnews.al\/index.php\/wp-json\/wp\/v2\/tags?post=134208"}],"curies":[{"name":"wp","href":"https:\/\/api.w.org\/{rel}","templated":true}]}}