{"id":134212,"date":"2026-01-22T21:20:23","date_gmt":"2026-01-22T21:20:23","guid":{"rendered":"https:\/\/rdnews.al\/?p=134212"},"modified":"2026-01-22T21:20:23","modified_gmt":"2026-01-22T21:20:23","slug":"prokurorja-e-spak-me-qendrim-te-prere-belinda-balluku-ka-kryer-disa-here-krime-te-renda","status":"publish","type":"post","link":"https:\/\/rdnews.al\/index.php\/2026\/01\/22\/prokurorja-e-spak-me-qendrim-te-prere-belinda-balluku-ka-kryer-disa-here-krime-te-renda\/","title":{"rendered":"Prokurorja e SPAK me q\u00ebndrim t\u00eb prer\u00eb\/ &#8220;Belinda Balluku ka kryer disa her\u00eb krime t\u00eb r\u00ebnda&#8221;"},"content":{"rendered":"<p>Dit\u00ebn e sotme, Prokurorja e SPAK Dorina Bejko, ka argumentuar n\u00eb Gjykat\u00ebn Kushtetuese arsyet pse Belinda Balluku, e marr\u00eb e pandehur nuk mund t\u00eb q\u00ebndroj\u00eb n\u00eb detyr\u00eb.<\/p>\n<p>N\u00eb seanc\u00ebn publike t\u00eb Gjykat\u00ebs Kushtetuese ku shqyrtohet pezullimi i saj nga detyr\u00eb, prokuroria tha se e pandehura ka kryer vep\u00ebr penale me natyr\u00eb t\u00eb r\u00ebnd\u00eb kriminale.<\/p>\n<p>Sipas prokurores se SPAK, pezullimin nga detyra t\u00eb Belinda Ballukut e shohim t\u00eb lidhur me pozicionin e saj si ministre.<\/p>\n<p><em>\u201c<\/em>N\u00eb rastin konkretvepra penale q\u00eb ne hetojm\u00eb konsiderohen krime t\u00eb natyr\u00ebs s\u00eb r\u00ebnd\u00eb, p\u00ebr shkak t\u00eb rrezikshm\u00ebris\u00eb dhe subjekteve q\u00eb kryejn\u00eb ato. Vepra penale q\u00eb i \u00ebsht\u00eb atribuuar t\u00eb hetuar\u00ebs p\u00ebrfshihet n\u00eb konceptin e krimit t\u00eb r\u00ebnd\u00eb.<\/p>\n<p>Jemi para situat\u00ebs kur e hetuara ka kryer jo nj\u00eb, por disa fakte penale historike q\u00eb p\u00ebrkthehen n\u00eb vepr\u00ebn penale t\u00eb parashikuar nga neni 258 t\u00eb kodit penal disa her\u00eb\u201d,sqaroi prokurorja e SPAK, Dorina Bejko.<\/p>\n<p>Pezullimin nga detyra e shohim t\u00eb lidhur me pozicionin e saj si ministre.<\/p>\n<p>Ne, SPAK ato dy lloje masa shtr\u00ebnguese i ka k\u00ebrkuar n\u00eb p\u00ebrputhje me rrethanat q\u00eb kan\u00eb ekzistuar n\u00eb at\u00eb moment. N\u00eb at\u00eb moment SPAK ka konkluduar se\u00a0n\u00ebse e hetuara do vazhdonte t\u00eb ushtronte detyr\u00ebn do kryente vepra penale t\u00eb t\u00eb nj\u00ebjtit lloj\u201d,\u00a0tha Prokurorja e SPAK.<\/p>\n","protected":false},"excerpt":{"rendered":"<p>Dit\u00ebn e sotme, Prokurorja e SPAK Dorina Bejko, ka argumentuar n\u00eb Gjykat\u00ebn Kushtetuese arsyet pse Belinda Balluku, e marr\u00eb e pandehur nuk mund t\u00eb q\u00ebndroj\u00eb n\u00eb detyr\u00eb. N\u00eb seanc\u00ebn publike t\u00eb Gjykat\u00ebs Kushtetuese ku shqyrtohet pezullimi i saj nga detyr\u00eb, prokuroria tha se e pandehura ka kryer vep\u00ebr penale me natyr\u00eb t\u00eb r\u00ebnd\u00eb kriminale. Sipas &hellip;<\/p>\n","protected":false},"author":3,"featured_media":134213,"comment_status":"closed","ping_status":"closed","sticky":false,"template":"","format":"standard","meta":{"footnotes":""},"categories":[37],"tags":[],"class_list":["post-134212","post","type-post","status-publish","format-standard","has-post-thumbnail","","category-politike"],"_links":{"self":[{"href":"https:\/\/rdnews.al\/index.php\/wp-json\/wp\/v2\/posts\/134212","targetHints":{"allow":["GET"]}}],"collection":[{"href":"https:\/\/rdnews.al\/index.php\/wp-json\/wp\/v2\/posts"}],"about":[{"href":"https:\/\/rdnews.al\/index.php\/wp-json\/wp\/v2\/types\/post"}],"author":[{"embeddable":true,"href":"https:\/\/rdnews.al\/index.php\/wp-json\/wp\/v2\/users\/3"}],"replies":[{"embeddable":true,"href":"https:\/\/rdnews.al\/index.php\/wp-json\/wp\/v2\/comments?post=134212"}],"version-history":[{"count":1,"href":"https:\/\/rdnews.al\/index.php\/wp-json\/wp\/v2\/posts\/134212\/revisions"}],"predecessor-version":[{"id":134214,"href":"https:\/\/rdnews.al\/index.php\/wp-json\/wp\/v2\/posts\/134212\/revisions\/134214"}],"wp:featuredmedia":[{"embeddable":true,"href":"https:\/\/rdnews.al\/index.php\/wp-json\/wp\/v2\/media\/134213"}],"wp:attachment":[{"href":"https:\/\/rdnews.al\/index.php\/wp-json\/wp\/v2\/media?parent=134212"}],"wp:term":[{"taxonomy":"category","embeddable":true,"href":"https:\/\/rdnews.al\/index.php\/wp-json\/wp\/v2\/categories?post=134212"},{"taxonomy":"post_tag","embeddable":true,"href":"https:\/\/rdnews.al\/index.php\/wp-json\/wp\/v2\/tags?post=134212"}],"curies":[{"name":"wp","href":"https:\/\/api.w.org\/{rel}","templated":true}]}}