{"id":134215,"date":"2026-01-22T21:33:48","date_gmt":"2026-01-22T21:33:48","guid":{"rendered":"https:\/\/rdnews.al\/?p=134215"},"modified":"2026-01-22T22:09:32","modified_gmt":"2026-01-22T22:09:32","slug":"dosja-ne-spak-ergys-agasi-ka-filmuar-ne-studion-e-tij-edhe-ramen","status":"publish","type":"post","link":"https:\/\/rdnews.al\/index.php\/2026\/01\/22\/dosja-ne-spak-ergys-agasi-ka-filmuar-ne-studion-e-tij-edhe-ramen\/","title":{"rendered":"Dosja n\u00eb SPAK\/ Ergys Agasi ka filmuar n\u00eb studion e tij edhe Ram\u00ebn"},"content":{"rendered":"<p>Ergys Agasi ka regjistruar n\u00eb studion e tij edhe Ram\u00ebn. Kjo \u00ebsht\u00eb pjes\u00eb e dosjes s\u00eb SPAK. Denoncimi \u00ebsht\u00eb b\u00ebr\u00eb nga Kryetari I PD, Sali Berisha.<\/p>\n<p>Kryetari i PD, Sali Berisha \u00ebsht\u00eb treguar i rezervuar p\u00ebr skenarin e protest\u00ebs t\u00eb s\u00eb shtun\u00ebs q\u00eb do t\u00eb zhvillohet n\u00eb or\u00ebn 17:00 para Kryeministris\u00eb.<\/p>\n<p>N\u00eb emisionin \u201cOpinion\u201d Berisha renditi arsyet pse protestat nuk kan\u00eb pjes\u00ebmarrje masive, duke th\u00ebn\u00eb se Rama ngjall frik\u00eb te qytetar\u00ebt dhe censuron median.<\/p>\n<p>M\u00eb tej, kryedemokrati u shpreh se t\u00eb shtun\u00ebn \u201copozita do t\u00eb tregoj\u00eb fuqin\u00eb e saj dhe kreativitetin e saj\u201d dhe se betej\u00ebn me qeverin\u00eb \u201cRama\u201d do e vijoj\u00eb deri n\u00eb \u201cpik\u00ebn e fundit\u201d.<\/p>\n<p>\u201cN\u00eb situat\u00ebn aktuale kauza e k\u00ebsaj proteste \u00ebsht\u00eb kauza m\u00eb e ligjshme se \u00e7do proteste p\u00ebr dy arsye, qeveria nuk ka legjitimitetin p\u00ebr shkak t\u00eb fars\u00ebs elektorale, kjo \u00ebsht\u00eb faktuar nga raportet nd\u00ebrkomb\u00ebtare dhe nga Departamenti i Shtetit. S\u00eb dyti, nj\u00eb qeveri q\u00eb del nga zgjedhje t\u00eb ndershme, por vjedh qytetar\u00ebt ajo humbet legjitimitetin. N\u00eb nj\u00eb diktatur\u00eb autoritare, fika ka dy faktor\u00eb t\u00eb tmerrsh\u00ebm. \u00c7do dit\u00eb takoj njer\u00ebz. Rama njeriu i urrejtjeve personale ka p\u00ebrcjell k\u00ebt\u00eb frym\u00eb\u00a0 n\u00eb t\u00eb gjith\u00eb narko-shtetin e tij. K\u00ebtu \u00ebsht\u00eb faktori frik i pamohuesh\u00ebm Faktori i dyt\u00eb \u00ebsht\u00eb censura, kontrolli q\u00eb u b\u00ebhet mediave. Efekti m\u00eb i tmerrsh\u00ebm i censur\u00ebs \u00ebsht\u00eb se i b\u00ebn njer\u00ebzit q\u00eb t\u00eb mos din\u00eb se \u00e7far\u00eb t\u00eb besojn\u00eb. Jep 40 rroga analist\u00ebsh q\u00eb n\u00eb \u00e7do studio mashtrojn\u00eb qytetar\u00ebt. Pra, kur ai merr tok\u00ebn e shkoll\u00ebs t\u00eb dhuruar nga pronar\u00ebt p\u00ebr t\u00eb b\u00ebr\u00eb shkoll\u00eb bujarisht dhe ia jep medias p\u00ebr ta kontrolluar at\u00eb me nj\u00eb euro. Nj\u00ebri pronar \u00ebsht\u00eb socialist\u00eb aty dhe merr 3 milion euro shp\u00ebrblim p\u00ebr tok\u00ebn, ai q\u00eb ka televizionin e merr me nj\u00eb euro dhe qytetar\u00ebt 3 milion\u00eb euro. 90% e mediave kontrollohen nga qeveria. T\u00eb riut shqiptar un\u00ebi ofroj gj\u00ebn \u00ebm\u00eb t\u00eb madhe mund\u00ebsin p\u00ebr t\u00eb nd\u00ebrtuar \u00ebndrr\u00ebn n\u00eb Shqip\u00ebri dhe jo rrug\u00ebve t\u00eb bot\u00ebs dhe un\u00eb e kam faktuar k\u00ebt\u00eb. N\u00eb vitin \u201994-\u201996 rritej numri i shqiptare dhe n\u00eb vitin 2007-2014 numri i qytetar\u00ebve shqiptar\u00eb rritje. Iu garantoj\u00eb se Shqip\u00ebria ka \u00e7do mund\u00ebsi q\u00eb t\u00eb rinjt\u00eb shqiptar\u00eb t\u00eb nd\u00ebrtojn\u00eb \u00ebndrr\u00ebn n\u00eb vendin e tyre. Rama nuk \u00ebsht\u00eb alternativ\u00eb ai duhet t\u00eb largohet. Rama nuk q\u00ebndron n\u00eb zyr\u00eb gjat\u00eb protestave, ia mbath, le t\u00eb q\u00ebndroj\u00eb dhe ta provoj\u00eb. Populli ka fuqi. Opozita \u00ebsht\u00eb n\u00eb prov\u00ebn e saj m\u00eb t\u00eb madhe. N\u00eb prov\u00ebn me jet\u00eb ose vdekje. N\u00eb dat\u00ebn 24 do t\u00eb tregojm\u00eb fuqin\u00eb e opozit\u00ebs, kreativitetin e saj. Do i tregojm\u00eb bot\u00ebs se v\u00ebrtet ky kryeminist\u00ebr p\u00ebrdor drejt\u00ebsin\u00eb p\u00ebr t\u00eb mbrojtur ministrat sepse \u00ebsht\u00eb vet\u00eb. \u00cbsht\u00eb kuptuar se mbrapa Belind\u00ebs \u00ebsht\u00eb Rama, t\u00eb gjitha k\u00ebto jan\u00eb t\u00eb zbardhura. Nuk jan\u00eb akuza t\u00eb opozit\u00ebs, jan\u00eb d\u00ebshmi trondit\u00ebse brenda dhe jasht\u00eb vendit. opozita do t\u00eb q\u00ebndroj\u00eb deri n\u00eb pik\u00ebn e fundit t\u00eb saj se k\u00ebta kan\u00eb zero legjitimitet\u201d,<em>&#8211;<\/em>tha Berisha.<\/p>\n","protected":false},"excerpt":{"rendered":"<p>Ergys Agasi ka regjistruar n\u00eb studion e tij edhe Ram\u00ebn. Kjo \u00ebsht\u00eb pjes\u00eb e dosjes s\u00eb SPAK. Denoncimi \u00ebsht\u00eb b\u00ebr\u00eb nga Kryetari I PD, Sali Berisha. Kryetari i PD, Sali Berisha \u00ebsht\u00eb treguar i rezervuar p\u00ebr skenarin e protest\u00ebs t\u00eb s\u00eb shtun\u00ebs q\u00eb do t\u00eb zhvillohet n\u00eb or\u00ebn 17:00 para Kryeministris\u00eb. N\u00eb emisionin \u201cOpinion\u201d Berisha &hellip;<\/p>\n","protected":false},"author":3,"featured_media":134216,"comment_status":"closed","ping_status":"closed","sticky":false,"template":"","format":"standard","meta":{"footnotes":""},"categories":[40,37],"tags":[],"class_list":["post-134215","post","type-post","status-publish","format-standard","has-post-thumbnail","","category-aktualitet","category-politike"],"_links":{"self":[{"href":"https:\/\/rdnews.al\/index.php\/wp-json\/wp\/v2\/posts\/134215","targetHints":{"allow":["GET"]}}],"collection":[{"href":"https:\/\/rdnews.al\/index.php\/wp-json\/wp\/v2\/posts"}],"about":[{"href":"https:\/\/rdnews.al\/index.php\/wp-json\/wp\/v2\/types\/post"}],"author":[{"embeddable":true,"href":"https:\/\/rdnews.al\/index.php\/wp-json\/wp\/v2\/users\/3"}],"replies":[{"embeddable":true,"href":"https:\/\/rdnews.al\/index.php\/wp-json\/wp\/v2\/comments?post=134215"}],"version-history":[{"count":1,"href":"https:\/\/rdnews.al\/index.php\/wp-json\/wp\/v2\/posts\/134215\/revisions"}],"predecessor-version":[{"id":134217,"href":"https:\/\/rdnews.al\/index.php\/wp-json\/wp\/v2\/posts\/134215\/revisions\/134217"}],"wp:featuredmedia":[{"embeddable":true,"href":"https:\/\/rdnews.al\/index.php\/wp-json\/wp\/v2\/media\/134216"}],"wp:attachment":[{"href":"https:\/\/rdnews.al\/index.php\/wp-json\/wp\/v2\/media?parent=134215"}],"wp:term":[{"taxonomy":"category","embeddable":true,"href":"https:\/\/rdnews.al\/index.php\/wp-json\/wp\/v2\/categories?post=134215"},{"taxonomy":"post_tag","embeddable":true,"href":"https:\/\/rdnews.al\/index.php\/wp-json\/wp\/v2\/tags?post=134215"}],"curies":[{"name":"wp","href":"https:\/\/api.w.org\/{rel}","templated":true}]}}