{"id":134218,"date":"2026-01-22T21:59:06","date_gmt":"2026-01-22T21:59:06","guid":{"rendered":"https:\/\/rdnews.al\/?p=134218"},"modified":"2026-01-22T22:08:57","modified_gmt":"2026-01-22T22:08:57","slug":"trump-largoi-ramen-dhe-vucic-dhe-mori-ne-krah-vjosa-osmanin","status":"publish","type":"post","link":"https:\/\/rdnews.al\/index.php\/2026\/01\/22\/trump-largoi-ramen-dhe-vucic-dhe-mori-ne-krah-vjosa-osmanin\/","title":{"rendered":"Trump largoi Ram\u00ebn dhe Vu\u00e7i\u00e7\u00a0dhe mori n\u00eb krah Vjosa Osmanin"},"content":{"rendered":"<p>Presidenti amerikan mori n\u00eb krah t\u00eb tij, Presidenten e Kosov\u00ebs Vjosa Osmani dhe largoi Ram\u00ebn dhe Vu\u00e7i\u00e7. Rama e kishte pranuar Bordin e Paqes, por nuk mori pjes\u00eb ashtu sikurse edhe Vu\u00e7i\u00e7. Mesazhi i Presidentit Trump p\u00ebr t\u00eb gjith\u00eb bot\u00ebn \u00ebsht\u00eb shum\u00eb i qart\u00eb. Kosova \u00ebsht\u00eb n\u00eb an\u00ebn e djatht\u00eb t\u00eb Presidentit amerikan dhe kjo n\u00ebnkupton mbrojtje dhe siguri.<\/p>\n<p>Nga ana tjet\u00ebr largimi nga ajo tryez\u00eb e Ram\u00ebs dhe Vu\u00e7i\u00e7 \u00a0\u00ebsht\u00eb po ashtu nj\u00eb mesazh i qart\u00eb se politikat amerikane jan\u00eb kund\u00ebr regjimeve autoritare t\u00eb Tiran\u00ebs dhe Beogradit.<\/p>\n","protected":false},"excerpt":{"rendered":"<p>Presidenti amerikan mori n\u00eb krah t\u00eb tij, Presidenten e Kosov\u00ebs Vjosa Osmani dhe largoi Ram\u00ebn dhe Vu\u00e7i\u00e7. Rama e kishte pranuar Bordin e Paqes, por nuk mori pjes\u00eb ashtu sikurse edhe Vu\u00e7i\u00e7. Mesazhi i Presidentit Trump p\u00ebr t\u00eb gjith\u00eb bot\u00ebn \u00ebsht\u00eb shum\u00eb i qart\u00eb. Kosova \u00ebsht\u00eb n\u00eb an\u00ebn e djatht\u00eb t\u00eb Presidentit amerikan dhe kjo &hellip;<\/p>\n","protected":false},"author":3,"featured_media":134219,"comment_status":"closed","ping_status":"closed","sticky":false,"template":"","format":"standard","meta":{"footnotes":""},"categories":[37],"tags":[],"class_list":["post-134218","post","type-post","status-publish","format-standard","has-post-thumbnail","","category-politike"],"_links":{"self":[{"href":"https:\/\/rdnews.al\/index.php\/wp-json\/wp\/v2\/posts\/134218","targetHints":{"allow":["GET"]}}],"collection":[{"href":"https:\/\/rdnews.al\/index.php\/wp-json\/wp\/v2\/posts"}],"about":[{"href":"https:\/\/rdnews.al\/index.php\/wp-json\/wp\/v2\/types\/post"}],"author":[{"embeddable":true,"href":"https:\/\/rdnews.al\/index.php\/wp-json\/wp\/v2\/users\/3"}],"replies":[{"embeddable":true,"href":"https:\/\/rdnews.al\/index.php\/wp-json\/wp\/v2\/comments?post=134218"}],"version-history":[{"count":2,"href":"https:\/\/rdnews.al\/index.php\/wp-json\/wp\/v2\/posts\/134218\/revisions"}],"predecessor-version":[{"id":134221,"href":"https:\/\/rdnews.al\/index.php\/wp-json\/wp\/v2\/posts\/134218\/revisions\/134221"}],"wp:featuredmedia":[{"embeddable":true,"href":"https:\/\/rdnews.al\/index.php\/wp-json\/wp\/v2\/media\/134219"}],"wp:attachment":[{"href":"https:\/\/rdnews.al\/index.php\/wp-json\/wp\/v2\/media?parent=134218"}],"wp:term":[{"taxonomy":"category","embeddable":true,"href":"https:\/\/rdnews.al\/index.php\/wp-json\/wp\/v2\/categories?post=134218"},{"taxonomy":"post_tag","embeddable":true,"href":"https:\/\/rdnews.al\/index.php\/wp-json\/wp\/v2\/tags?post=134218"}],"curies":[{"name":"wp","href":"https:\/\/api.w.org\/{rel}","templated":true}]}}