{"id":134234,"date":"2026-01-23T09:28:40","date_gmt":"2026-01-23T09:28:40","guid":{"rendered":"https:\/\/rdnews.al\/?p=134234"},"modified":"2026-01-23T09:34:48","modified_gmt":"2026-01-23T09:34:48","slug":"berisha-takim-me-aktivistet-para-protestes-se-24-janarit","status":"publish","type":"post","link":"https:\/\/rdnews.al\/index.php\/2026\/01\/23\/berisha-takim-me-aktivistet-para-protestes-se-24-janarit\/","title":{"rendered":"Berisha takim me aktivist\u00ebt para protest\u00ebs s\u00eb 24 Janarit"},"content":{"rendered":"<div id=\"rekl-49\">Sot, n\u00eb selin\u00eb e Partis\u00eb Demokratike do t\u00eb mbahet nj\u00eb takim i r\u00ebnd\u00ebsish\u00ebm n\u00eb kuad\u00ebr t\u00eb &#8220;Foltore me t\u00eb rinjt\u00eb e FRPD&#8221;, ora 18:00.<\/div>\n<div class=\"readmore-text-here\">\n<p>Aktivist\u00eb t\u00eb rinj nga t\u00eb gjith\u00eb Shqip\u00ebria do t\u00eb mblidhen p\u00ebr t\u00eb diskutuar p\u00ebr sfidat aktuale q\u00eb po kalon vendi, si dhe p\u00ebr t\u00eb ndar\u00eb q\u00ebndrimet e tyre mbi situat\u00ebn politike dhe sociale.<\/p>\n<p>Takimi do t\u00eb zhvillohet n\u00eb or\u00ebn 18:00 dhe do t\u00eb udh\u00ebhiqet nga Kryetari i Partis\u00eb Demokratike, Sali Berisha, dhe lideri i FRPD, Besart Xhaferri.<\/p>\n<p><img loading=\"lazy\" decoding=\"async\" class=\"\" src=\"https:\/\/www.syri.net\/uploads\/syri.net\/images\/2026\/January\/23\/auto_pd1769154353.jpg\" alt=\"Image\" width=\"538\" height=\"672\" \/><\/p>\n<p>Nj\u00eb dit\u00eb pas k\u00ebtij takimi, m\u00eb 24 janar, Partia Demokratike do t\u00eb organizon\u00a0nj\u00eb protest\u00eb masive, n\u00eb shenj\u00eb kund\u00ebrshtimi ndaj qeverisjes aktuale dhe k\u00ebrkimit t\u00eb ndryshimeve q\u00eb i sh\u00ebrbejn\u00eb qytetar\u00ebve.<\/p>\n<p>Ky takim i sot\u00ebm \u00ebsht\u00eb nj\u00eb hap tjet\u00ebr n\u00eb p\u00ebrpjekjet e opozit\u00ebs p\u00ebr t\u00eb fuqizuar baz\u00ebn e saj dhe p\u00ebr t\u00eb mobilizuar qytetar\u00ebt e rinj n\u00eb betej\u00ebn politike q\u00eb do t\u00eb kulmoj\u00eb nes\u00ebr, m\u00eb 24 janar, n\u00eb protest\u00ebn e shum\u00ebpritur.<\/p>\n<\/div>\n","protected":false},"excerpt":{"rendered":"<p>Sot, n\u00eb selin\u00eb e Partis\u00eb Demokratike do t\u00eb mbahet nj\u00eb takim i r\u00ebnd\u00ebsish\u00ebm n\u00eb kuad\u00ebr t\u00eb &#8220;Foltore me t\u00eb rinjt\u00eb e FRPD&#8221;, ora 18:00. Aktivist\u00eb t\u00eb rinj nga t\u00eb gjith\u00eb Shqip\u00ebria do t\u00eb mblidhen p\u00ebr t\u00eb diskutuar p\u00ebr sfidat aktuale q\u00eb po kalon vendi, si dhe p\u00ebr t\u00eb ndar\u00eb q\u00ebndrimet e tyre mbi situat\u00ebn politike &hellip;<\/p>\n","protected":false},"author":4,"featured_media":134237,"comment_status":"closed","ping_status":"closed","sticky":false,"template":"","format":"standard","meta":{"footnotes":""},"categories":[37],"tags":[],"class_list":["post-134234","post","type-post","status-publish","format-standard","has-post-thumbnail","","category-politike"],"_links":{"self":[{"href":"https:\/\/rdnews.al\/index.php\/wp-json\/wp\/v2\/posts\/134234","targetHints":{"allow":["GET"]}}],"collection":[{"href":"https:\/\/rdnews.al\/index.php\/wp-json\/wp\/v2\/posts"}],"about":[{"href":"https:\/\/rdnews.al\/index.php\/wp-json\/wp\/v2\/types\/post"}],"author":[{"embeddable":true,"href":"https:\/\/rdnews.al\/index.php\/wp-json\/wp\/v2\/users\/4"}],"replies":[{"embeddable":true,"href":"https:\/\/rdnews.al\/index.php\/wp-json\/wp\/v2\/comments?post=134234"}],"version-history":[{"count":1,"href":"https:\/\/rdnews.al\/index.php\/wp-json\/wp\/v2\/posts\/134234\/revisions"}],"predecessor-version":[{"id":134236,"href":"https:\/\/rdnews.al\/index.php\/wp-json\/wp\/v2\/posts\/134234\/revisions\/134236"}],"wp:featuredmedia":[{"embeddable":true,"href":"https:\/\/rdnews.al\/index.php\/wp-json\/wp\/v2\/media\/134237"}],"wp:attachment":[{"href":"https:\/\/rdnews.al\/index.php\/wp-json\/wp\/v2\/media?parent=134234"}],"wp:term":[{"taxonomy":"category","embeddable":true,"href":"https:\/\/rdnews.al\/index.php\/wp-json\/wp\/v2\/categories?post=134234"},{"taxonomy":"post_tag","embeddable":true,"href":"https:\/\/rdnews.al\/index.php\/wp-json\/wp\/v2\/tags?post=134234"}],"curies":[{"name":"wp","href":"https:\/\/api.w.org\/{rel}","templated":true}]}}