{"id":134240,"date":"2026-01-23T09:48:28","date_gmt":"2026-01-23T09:48:28","guid":{"rendered":"https:\/\/rdnews.al\/?p=134240"},"modified":"2026-01-23T10:03:21","modified_gmt":"2026-01-23T10:03:21","slug":"ish-ministri-i-ps-perplaset-me-gogun-lleri-nderzimet-rama-seshte-kryeministri-im","status":"publish","type":"post","link":"https:\/\/rdnews.al\/index.php\/2026\/01\/23\/ish-ministri-i-ps-perplaset-me-gogun-lleri-nderzimet-rama-seshte-kryeministri-im\/","title":{"rendered":"Ish-ministri i PS p\u00ebrplaset me Gogun: Leri nd\u00ebrzimet! Rama s\u2019\u00ebsht\u00eb kryeministri im&#8230;"},"content":{"rendered":"<p>Ministri i Shtetit p\u00ebr Marr\u00ebdh\u00ebniet me Parlamentin, Toni Gogu u p\u00ebrplas n\u00eb \u2018Top Story\u2019 me ish-ministrin socalist t\u00eb Financave, Arben Malajn teksa diskutonin se \u00e7far\u00eb fiton apo humbet Shqip\u00ebria nga pjes\u00ebmarrja n\u00eb Bordin e Paqes.<\/p>\n<p>Teksa Gogu po fliste me superlativa p\u00ebr \u201carritjet e Ram\u00ebs\u201d nd\u00ebrhyri Malaj dhe tha se, qeveria e tij vler\u00ebsohet negative nga gjith\u00eb raportet nd\u00ebrkomb\u00ebtare dhe i rikujtoi mbi 140 mln euro q\u00eb BE i bllokoi pas skandalit me fondet e AKSHI-t.<\/p>\n<p>Malaj u acarua teksa gjat\u00eb debatit Gogu i tha se Rama \u00ebsht\u00eb edhe kryeministri i tij dhe e p\u00ebrfaq\u00ebson, nd\u00ebrkoh\u00eb q\u00eb ish-ministri reagoi menj\u00ebher\u00eb me tone t\u00eb larta doke e mohuar kategorisht q\u00eb Rama ta p\u00ebrfaq\u00ebsoj\u00eb.<\/p>\n<p><strong>Debati<\/strong><\/p>\n<p><strong>Malaj:<\/strong> Ne kemi arritur n\u00eb nj\u00eb pik\u00eb q\u00eb s\u2019duam ti d\u00ebgjojm\u00eb m\u00eb nderkomb\u00ebtar\u00ebt. Jep BE mbi 140 mln euro p\u00ebr bujq\u00ebsin\u00eb, sapo ndodhi skandali i AKSHI-t t\u00eb bllokoi. Ku e shof un\u00eb fuqin\u00eb e ram\u00ebs, , kur vendin im \u00ebsht\u00eb i vetmi vend q\u00eb i bllokohen 140 mln euro.<\/p>\n<p><strong>Gogu:<\/strong> Ju po b\u00ebni at\u00eb udh\u00ebtimin e atij nip\u00e7es q\u00eb ja b\u00ebnte gjyshit nga nd\u00ebrzimi artificial te lufta n\u00eb Vietnam. S\u2019t\u00eb ndjek dot se po flasim p\u00ebr Bordin e Paqes.<\/p>\n<p><strong>Malaj:<\/strong> Je pastor apo politikan, leri nd\u00ebrzimet dhe gj\u00ebegjezat. Ki respekt p\u00ebr vetveten. Me gjaegjeza do ta b\u00ebjm\u00eb debatin.<\/p>\n<p><strong>Gogu:<\/strong> Po \u00e7lidhje ka me Bordin e Paqes. Juve po thoni q\u00eb duhet t\u00eb marri nga Bordi i Paqes, \u00e7far\u00eb do marri zgjidhje p\u00ebr AKSHI-n\u2026<\/p>\n<p><strong>Malaj:<\/strong> Kryeministri jot\u2026<\/p>\n<p><strong>Gogo:<\/strong> Jo jo, kryeministri \u00ebsht\u00eb i imi, i juaji, i gjith\u00eb shqiptar\u00ebve q\u00eb e kan\u00eb votuar.<\/p>\n<p><strong>Malaj:<\/strong> Jo, e kan\u00eb votuar nj\u00eb pjes\u00eb e shqiptar\u00ebve.<\/p>\n<p><strong>Gogu:<\/strong> Por sot t\u00eb sh\u00ebrben edhe ty.<\/p>\n<p><strong>Malaj:<\/strong> Jo, mua nuk m\u00eb sh\u00ebrben fare dhe ja kam th\u00ebn\u00eb n\u00eb sy.<\/p>\n<p><strong>Gogu:<\/strong> Do na p\u00ebrfaq\u00ebsoj\u00eb, edhe non grat\u00ebn do ta p\u00ebrfaq\u00ebsoj\u00eb.<\/p>\n<p><strong>Malaj:<\/strong> N\u00ebse rritet repurtacioni i Presidentit dhe kryeministrit ka p\u00ebrtifime edhe vendi. Ju po e mitizoni Ram\u00ebn, por do e shihni edhe koston e mitizimit t\u00eb tij.<\/p>\n<p>E dyta, n\u00ebse bllokohen fondet e BE ka lidhje me kredibilitetin e Ram\u00ebs. Mos e mitizoni Ram\u00ebn se ka arritje t\u00eb m\u00ebdha sepse fati i Shqip\u00ebris\u00eb s\u2019ka patur lidhje me Ram\u00ebn.<\/p>\n<p>N\u00ebse ju e ngrini Ram\u00ebn dhe qeveria e Ram\u00ebs vler\u00ebsohet negative nga gjith\u00eb raportet nd\u00ebrkomb\u00ebtare ka nj\u00eb kontradit\u00eb.<\/p>\n","protected":false},"excerpt":{"rendered":"<p>Ministri i Shtetit p\u00ebr Marr\u00ebdh\u00ebniet me Parlamentin, Toni Gogu u p\u00ebrplas n\u00eb \u2018Top Story\u2019 me ish-ministrin socalist t\u00eb Financave, Arben Malajn teksa diskutonin se \u00e7far\u00eb fiton apo humbet Shqip\u00ebria nga pjes\u00ebmarrja n\u00eb Bordin e Paqes. Teksa Gogu po fliste me superlativa p\u00ebr \u201carritjet e Ram\u00ebs\u201d nd\u00ebrhyri Malaj dhe tha se, qeveria e tij vler\u00ebsohet negative &hellip;<\/p>\n","protected":false},"author":4,"featured_media":134241,"comment_status":"closed","ping_status":"closed","sticky":false,"template":"","format":"standard","meta":{"footnotes":""},"categories":[37],"tags":[],"class_list":["post-134240","post","type-post","status-publish","format-standard","has-post-thumbnail","","category-politike"],"_links":{"self":[{"href":"https:\/\/rdnews.al\/index.php\/wp-json\/wp\/v2\/posts\/134240","targetHints":{"allow":["GET"]}}],"collection":[{"href":"https:\/\/rdnews.al\/index.php\/wp-json\/wp\/v2\/posts"}],"about":[{"href":"https:\/\/rdnews.al\/index.php\/wp-json\/wp\/v2\/types\/post"}],"author":[{"embeddable":true,"href":"https:\/\/rdnews.al\/index.php\/wp-json\/wp\/v2\/users\/4"}],"replies":[{"embeddable":true,"href":"https:\/\/rdnews.al\/index.php\/wp-json\/wp\/v2\/comments?post=134240"}],"version-history":[{"count":2,"href":"https:\/\/rdnews.al\/index.php\/wp-json\/wp\/v2\/posts\/134240\/revisions"}],"predecessor-version":[{"id":134243,"href":"https:\/\/rdnews.al\/index.php\/wp-json\/wp\/v2\/posts\/134240\/revisions\/134243"}],"wp:featuredmedia":[{"embeddable":true,"href":"https:\/\/rdnews.al\/index.php\/wp-json\/wp\/v2\/media\/134241"}],"wp:attachment":[{"href":"https:\/\/rdnews.al\/index.php\/wp-json\/wp\/v2\/media?parent=134240"}],"wp:term":[{"taxonomy":"category","embeddable":true,"href":"https:\/\/rdnews.al\/index.php\/wp-json\/wp\/v2\/categories?post=134240"},{"taxonomy":"post_tag","embeddable":true,"href":"https:\/\/rdnews.al\/index.php\/wp-json\/wp\/v2\/tags?post=134240"}],"curies":[{"name":"wp","href":"https:\/\/api.w.org\/{rel}","templated":true}]}}