{"id":134247,"date":"2026-01-23T12:06:26","date_gmt":"2026-01-23T12:06:26","guid":{"rendered":"https:\/\/rdnews.al\/?p=134247"},"modified":"2026-01-23T12:06:26","modified_gmt":"2026-01-23T12:06:26","slug":"berisha-neser-populli-opozitar-i-ben-gjyqin-kryehajdutit-te-ketij-kombi","status":"publish","type":"post","link":"https:\/\/rdnews.al\/index.php\/2026\/01\/23\/berisha-neser-populli-opozitar-i-ben-gjyqin-kryehajdutit-te-ketij-kombi\/","title":{"rendered":"Berisha: Nes\u00ebr populli opozitar i b\u00ebn gjyqin kryehajdutit t\u00eb k\u00ebtij kombi!"},"content":{"rendered":"<p>Kryetari i PD, Sali Berisha b\u00ebri thirrje p\u00ebr mobilizim t\u00eb opozit\u00ebs, duke e cil\u00ebsuar protest\u00ebn e nes\u00ebrme si nj\u00eb moment vendimtar p\u00ebr qytetar\u00ebt shqiptar\u00eb.<\/p>\n<p>N\u00eb deklarat\u00ebn p\u00ebr media, Berisha u shpreh se, nes\u00ebr populli opozitar i b\u00ebn gjyqin kryehajdutit t\u00eb k\u00ebtij kombi\u201d, duke akuzuar kryeministrin dhe qeverin\u00eb p\u00ebr lidhje me krimin, shkelje t\u00eb Kushtetut\u00ebs dhe p\u00ebr keqqeverisje q\u00eb ka detyruar qindra mij\u00ebra shqiptar\u00eb t\u00eb largohen nga vendi gjat\u00eb dekad\u00ebs s\u00eb fundit.<\/p>\n<p><strong>Berisha:<\/strong> Nes\u00ebr \u00ebsht\u00eb prova e madhe, \u00ebsht\u00eb dita e guximit, e revolt\u00ebs, e zem\u00ebrimit, e ngadh\u00ebnjimit qytetar mbi t\u00eb keqen m\u00eb t\u00eb madhe q\u00eb ka mb\u00ebrthyer Shqip\u00ebrin\u00eb, q\u00eb ka pllakosur k\u00ebt\u00eb vend nga dit\u00ebt e zeza t\u00eb diktatur\u00ebs hoxhiste gjer sot.<\/p>\n<p>Nes\u00ebr qytetar\u00ebt, populli opozitar i b\u00ebn gjyqin kryehajdutit t\u00eb k\u00ebtij kombi.<\/p>\n<p>I b\u00ebn gjyqin kryeministrit t\u00eb lidhur kok\u00eb e k\u00ebmb\u00eb me vras\u00ebs, bandit\u00eb, trafikant\u00eb.<\/p>\n<p>I b\u00ebn gjyqin antishqiptarit m\u00eb t\u00eb zi t\u00eb koh\u00ebrave q\u00eb ka p\u00ebrz\u00ebn\u00eb nga ky vend n\u00eb 10 vite 1 milion e 100 mij\u00eb shqiptar\u00eb vet\u00ebm n\u00eb hap\u00ebsir\u00ebn evropiane, pa llogaritur hap\u00ebsira t\u00eb tjera.<\/p>\n<p>Nes\u00ebr i b\u00ebn gjyqin nj\u00eb armiku t\u00eb eg\u00ebr t\u00eb lirive t\u00eb shqiptar\u00ebve, t\u00eb vot\u00ebs s\u00eb tyre.<\/p>\n<p>Nj\u00eb njeriu q\u00eb q\u00ebndron n\u00eb pushtet duke p\u00ebrdorur \u00e7do mjet t\u00eb paligjsh\u00ebm, duke shkelmuar Kushtetut\u00ebn.<\/p>\n<p>Por nes\u00ebr \u00ebsht\u00eb dita e gjykimit t\u00eb popullit shqiptar p\u00ebr nj\u00eb organizat\u00eb kriminale q\u00eb nuk e ka sot asnj\u00eb vend tjet\u00ebr n\u00eb Europ\u00eb.<\/p>\n<p>&nbsp;<\/p>\n","protected":false},"excerpt":{"rendered":"<p>Kryetari i PD, Sali Berisha b\u00ebri thirrje p\u00ebr mobilizim t\u00eb opozit\u00ebs, duke e cil\u00ebsuar protest\u00ebn e nes\u00ebrme si nj\u00eb moment vendimtar p\u00ebr qytetar\u00ebt shqiptar\u00eb. N\u00eb deklarat\u00ebn p\u00ebr media, Berisha u shpreh se, nes\u00ebr populli opozitar i b\u00ebn gjyqin kryehajdutit t\u00eb k\u00ebtij kombi\u201d, duke akuzuar kryeministrin dhe qeverin\u00eb p\u00ebr lidhje me krimin, shkelje t\u00eb Kushtetut\u00ebs dhe &hellip;<\/p>\n","protected":false},"author":4,"featured_media":134248,"comment_status":"closed","ping_status":"closed","sticky":false,"template":"","format":"standard","meta":{"footnotes":""},"categories":[37],"tags":[],"class_list":["post-134247","post","type-post","status-publish","format-standard","has-post-thumbnail","","category-politike"],"_links":{"self":[{"href":"https:\/\/rdnews.al\/index.php\/wp-json\/wp\/v2\/posts\/134247","targetHints":{"allow":["GET"]}}],"collection":[{"href":"https:\/\/rdnews.al\/index.php\/wp-json\/wp\/v2\/posts"}],"about":[{"href":"https:\/\/rdnews.al\/index.php\/wp-json\/wp\/v2\/types\/post"}],"author":[{"embeddable":true,"href":"https:\/\/rdnews.al\/index.php\/wp-json\/wp\/v2\/users\/4"}],"replies":[{"embeddable":true,"href":"https:\/\/rdnews.al\/index.php\/wp-json\/wp\/v2\/comments?post=134247"}],"version-history":[{"count":1,"href":"https:\/\/rdnews.al\/index.php\/wp-json\/wp\/v2\/posts\/134247\/revisions"}],"predecessor-version":[{"id":134249,"href":"https:\/\/rdnews.al\/index.php\/wp-json\/wp\/v2\/posts\/134247\/revisions\/134249"}],"wp:featuredmedia":[{"embeddable":true,"href":"https:\/\/rdnews.al\/index.php\/wp-json\/wp\/v2\/media\/134248"}],"wp:attachment":[{"href":"https:\/\/rdnews.al\/index.php\/wp-json\/wp\/v2\/media?parent=134247"}],"wp:term":[{"taxonomy":"category","embeddable":true,"href":"https:\/\/rdnews.al\/index.php\/wp-json\/wp\/v2\/categories?post=134247"},{"taxonomy":"post_tag","embeddable":true,"href":"https:\/\/rdnews.al\/index.php\/wp-json\/wp\/v2\/tags?post=134247"}],"curies":[{"name":"wp","href":"https:\/\/api.w.org\/{rel}","templated":true}]}}