{"id":134250,"date":"2026-01-23T12:10:06","date_gmt":"2026-01-23T12:10:06","guid":{"rendered":"https:\/\/rdnews.al\/?p=134250"},"modified":"2026-01-23T12:10:06","modified_gmt":"2026-01-23T12:10:06","slug":"berisha-edi-rama-niko-peleshi-dhe-haram-begaj-u-vune-ne-rresht-pas-lubise-per-te-mbrojtur-vjedhjet-e-saj","status":"publish","type":"post","link":"https:\/\/rdnews.al\/index.php\/2026\/01\/23\/berisha-edi-rama-niko-peleshi-dhe-haram-begaj-u-vune-ne-rresht-pas-lubise-per-te-mbrojtur-vjedhjet-e-saj\/","title":{"rendered":"Berisha: Edi Rama, Niko Peleshi dhe Haram Begaj u vun\u00eb n\u00eb rresht pas Lubis\u00eb p\u00ebr t\u00eb mbrojtur vjedhjet e saj"},"content":{"rendered":"<p>Kryetari i PD, Sali Berisha tha se, Edi Rama, Niko Peleshi dhe Haram Begaj u vun\u00eb n\u00eb rresht pas Lubis\u00eb p\u00ebr t\u00eb mbrojtur vjedhjet e saj.<\/p>\n<p>Berisha e p\u00ebrshkroi dit\u00ebn e djeshme si nj\u00eb nga m\u00eb t\u00eb zezat n\u00eb historin\u00eb e drejt\u00ebsis\u00eb shqiptare, duke e cil\u00ebsuar nj\u00eb turp p\u00ebr institucionet gjyq\u00ebsore. Ai tha se tre drejtuesit m\u00eb t\u00eb lart\u00eb t\u00eb vendit u paraqit\u00ebn n\u00eb Gjykat\u00ebn Kushtetuese p\u00ebr t\u00eb mbrojtur nj\u00eb seri aferash korruptive dhe p\u00ebr t\u00eb kompletuar grushtin e shtetit.<\/p>\n<p><strong>Berisha:<\/strong> Dita e djeshme do t\u00eb regjistrohet n\u00eb muret e koh\u00ebs si nj\u00eb nga dit\u00ebt m\u00eb t\u00eb zeza t\u00eb historis\u00eb s\u00eb ligjit, Kushtetut\u00ebs, drejt\u00ebsis\u00eb n\u00eb k\u00ebt\u00eb vend.<\/p>\n<p>Dje, para shqiptar\u00ebve, seriali i hajdut\u00ebve dhe kryehajdut\u00ebve, Edi Rama, Niko Peleshi, Haram Begaj, u paraqit\u00ebn n\u00eb pafytyr\u00ebsi t\u00eb plot\u00eb para prokuror\u00ebve q\u00eb zbatonin ligjin n\u00eb sallat e Gjykat\u00ebs pu\u00e7iste Kushtetuese.<\/p>\n<p>U paraqit\u00ebn p\u00ebr t\u00eb kompletuar grushtin e tyre t\u00eb shtetit.<\/p>\n<p>Kurr\u00eb n\u00eb histori t\u00eb k\u00ebtij vendi dhe asnj\u00eb vendi tjet\u00ebr, nuk ka ndodhur q\u00eb tre drejtuesit m\u00eb kryesor\u00eb t\u00eb rendin n\u00eb Gjykat\u00eb Kushtetuese kund\u00ebr vendimit t\u00eb nj\u00eb gjykate dhe nj\u00eb prokurori p\u00ebr pezullimin e z\u00ebvend\u00ebskryeministres t\u00eb kapur n\u00eb flagranc\u00eb me nj\u00eb seri aferash korruptive, vjedhjesh monstruoze.<\/p>\n<p>Nuk ka ndodhur!<\/p>\n<p>Nuk ka dit\u00eb m\u00eb t\u00eb turpshme p\u00ebr at\u00eb gjykat\u00eb, p\u00ebr k\u00ebto institucione turpi se dita e djeshme.<\/p>\n<p>Edi Rama, Niko Peleshi dhe Haram Begaj u vun\u00eb n\u00eb rresht pas Lubis\u00eb p\u00ebr t\u00eb mbrojtur vjedhjet e saj, vet\u00ebm e vet\u00ebm p\u00ebr shkak t\u00eb vjedhjeve t\u00eb tyre, t\u00eb cilat jan\u00eb n\u00eb ato proporcione sa i b\u00ebn ata ta ken\u00eb t\u00eb qart\u00eb se do ken\u00eb fatin e Lubis\u00eb.<\/p>\n<p>Gjykata, n\u00eb nj\u00eb vendim t\u00eb turpsh\u00ebm, t\u00eb paimagjinuesh\u00ebm, merr menj\u00ebher\u00eb n\u00eb kund\u00ebrshtim me ligjin, pushtetin e gjykat\u00ebs s\u00eb apelit dhe gjykat\u00ebs s\u00eb lart\u00eb n\u00eb shqyrtimin e masave t\u00eb siguris\u00eb, n\u00eb nj\u00eb koh\u00eb kur Kushtetuta, ligji thot\u00eb se ajo k\u00ebt\u00eb t\u00eb drejt\u00eb e ushtron pas k\u00ebtyre gjykatave.<\/p>\n<p>Por Irenat e Gjykat\u00ebs Kushtetuese, m\u00eb zi jan\u00eb burrat aty se sa grat\u00eb, jan\u00eb t\u00eb afta t\u00eb shkelin \u00e7do kod, \u00e7do nen t\u00eb Kushtetut\u00ebs, t\u00eb shkruajn\u00eb Kushtetut\u00ebn p\u00ebr urdh\u00ebr politik.<\/p>\n<p>\u00c7far\u00eb jan\u00eb k\u00ebta njer\u00ebz, do pyesni ju me t\u00eb drejt\u00eb.<\/p>\n<p>Jan\u00eb k\u00ebta njer\u00ebz injorant\u00eb dhe analfabet\u00eb?<\/p>\n<p>Jo, absolutisht. Un\u00eb nga af\u00ebr nuk i njoh, por jam i sigurt se jan\u00eb njer\u00ebz t\u00eb shkolluar. Mund t\u00eb jen\u00eb shkolluar edhe jasht\u00eb. Por si mundet k\u00ebta t\u00eb sillen n\u00eb k\u00ebt\u00eb m\u00ebnyr\u00eb?<\/p>\n<p>Ka vet\u00ebm nj\u00eb shkak. K\u00ebta njer\u00ebz nuk kan\u00eb dinjitet njer\u00ebzor.<\/p>\n<p>Se n\u00eb rast se do kishin minimumin e dinjitetit, nuk do i lejonin vetes t\u00eb shnd\u00ebrroheshin n\u00eb avokat\u00eb t\u00eb nj\u00eb kriminele, q\u00eb ka vjedhur bashk\u00eb me Edi Rama, qindra, mos miliarda euro.<\/p>\n<p>Pa pasur asnj\u00eb tag\u00ebr ligjor, p\u00ebrkundrazi duke shkelur ligjin dhe Kushtetut\u00ebn.<\/p>\n","protected":false},"excerpt":{"rendered":"<p>Kryetari i PD, Sali Berisha tha se, Edi Rama, Niko Peleshi dhe Haram Begaj u vun\u00eb n\u00eb rresht pas Lubis\u00eb p\u00ebr t\u00eb mbrojtur vjedhjet e saj. Berisha e p\u00ebrshkroi dit\u00ebn e djeshme si nj\u00eb nga m\u00eb t\u00eb zezat n\u00eb historin\u00eb e drejt\u00ebsis\u00eb shqiptare, duke e cil\u00ebsuar nj\u00eb turp p\u00ebr institucionet gjyq\u00ebsore. Ai tha se tre &hellip;<\/p>\n","protected":false},"author":4,"featured_media":134251,"comment_status":"closed","ping_status":"closed","sticky":false,"template":"","format":"standard","meta":{"footnotes":""},"categories":[37],"tags":[],"class_list":["post-134250","post","type-post","status-publish","format-standard","has-post-thumbnail","","category-politike"],"_links":{"self":[{"href":"https:\/\/rdnews.al\/index.php\/wp-json\/wp\/v2\/posts\/134250","targetHints":{"allow":["GET"]}}],"collection":[{"href":"https:\/\/rdnews.al\/index.php\/wp-json\/wp\/v2\/posts"}],"about":[{"href":"https:\/\/rdnews.al\/index.php\/wp-json\/wp\/v2\/types\/post"}],"author":[{"embeddable":true,"href":"https:\/\/rdnews.al\/index.php\/wp-json\/wp\/v2\/users\/4"}],"replies":[{"embeddable":true,"href":"https:\/\/rdnews.al\/index.php\/wp-json\/wp\/v2\/comments?post=134250"}],"version-history":[{"count":1,"href":"https:\/\/rdnews.al\/index.php\/wp-json\/wp\/v2\/posts\/134250\/revisions"}],"predecessor-version":[{"id":134252,"href":"https:\/\/rdnews.al\/index.php\/wp-json\/wp\/v2\/posts\/134250\/revisions\/134252"}],"wp:featuredmedia":[{"embeddable":true,"href":"https:\/\/rdnews.al\/index.php\/wp-json\/wp\/v2\/media\/134251"}],"wp:attachment":[{"href":"https:\/\/rdnews.al\/index.php\/wp-json\/wp\/v2\/media?parent=134250"}],"wp:term":[{"taxonomy":"category","embeddable":true,"href":"https:\/\/rdnews.al\/index.php\/wp-json\/wp\/v2\/categories?post=134250"},{"taxonomy":"post_tag","embeddable":true,"href":"https:\/\/rdnews.al\/index.php\/wp-json\/wp\/v2\/tags?post=134250"}],"curies":[{"name":"wp","href":"https:\/\/api.w.org\/{rel}","templated":true}]}}