{"id":134257,"date":"2026-01-23T12:16:17","date_gmt":"2026-01-23T12:16:17","guid":{"rendered":"https:\/\/rdnews.al\/?p=134257"},"modified":"2026-01-23T12:22:18","modified_gmt":"2026-01-23T12:22:18","slug":"berisha-rama-nuk-e-gezoi-ftesen-qe-i-erdhi-shqiperise-mbeti-sic-eshte-i-padeshiruar-ne-europe-dhe-ne-bote","status":"publish","type":"post","link":"https:\/\/rdnews.al\/index.php\/2026\/01\/23\/berisha-rama-nuk-e-gezoi-ftesen-qe-i-erdhi-shqiperise-mbeti-sic-eshte-i-padeshiruar-ne-europe-dhe-ne-bote\/","title":{"rendered":"Rama nuk e g\u00ebzoi ftes\u00ebn q\u00eb i erdhi Shqip\u00ebris\u00eb, mbeti si\u00e7 \u00ebsht\u00eb, i pad\u00ebshiruar n\u00eb Europ\u00eb dhe n\u00eb bot\u00eb!"},"content":{"rendered":"<p>Lideri i opozit\u00ebs, Sali Berisha, n\u00eb konferenc\u00ebn p\u00ebr shtyp tha se, Edi Rama nuk e g\u00ebzoi ftes\u00ebn q\u00eb i erdhi Shqip\u00ebris\u00eb, mbeti si\u00e7 \u00ebsht\u00eb, i pad\u00ebshiruar n\u00eb Europ\u00eb dhe n\u00eb bot\u00eb!<\/p>\n<p>Berisha u shpreh se reagimi dhe sjellja e Ram\u00ebs n\u00eb Parlament pas k\u00ebsaj ftese treguan, sipas tij, izolimin nd\u00ebrkomb\u00ebtar t\u00eb kryeministrit dhe d\u00ebshtimin p\u00ebr ta kthyer at\u00eb n\u00eb nj\u00eb p\u00ebrfitim real p\u00ebr vendin.<\/p>\n<p><strong>Berisha:<\/strong> Edi Rama, i cili tundi nj\u00eb ftes\u00eb q\u00eb i erdhi Shqip\u00ebris\u00eb, nuk e g\u00ebzoi dot. P\u00ebrkundrazi.<\/p>\n<p>Mos guxo, nuk do t\u00eb shoh surratin, ky ishte mesazhi. Dhe vinte n\u00eb parlament i shp\u00ebrfytyruar.<\/p>\n<p>E pat\u00eb vet\u00eb ju qytetar\u00eb, shiheni prap\u00eb se si q\u00ebndronte i shp\u00ebrfytyruar.<\/p>\n<p>N\u00eb nj\u00eb koh\u00eb kur mblodhi parlamentin ku t\u00eb firmoste, t\u00eb thoshte se parlamenti ratifikoi. Por boja iu tha n\u00eb pen\u00eb.<\/p>\n<p>Mbeti si\u00e7 \u00ebsht\u00eb, i pad\u00ebshiruar n\u00eb Europ\u00eb dhe n\u00eb bot\u00eb.<\/p>\n","protected":false},"excerpt":{"rendered":"<p>Lideri i opozit\u00ebs, Sali Berisha, n\u00eb konferenc\u00ebn p\u00ebr shtyp tha se, Edi Rama nuk e g\u00ebzoi ftes\u00ebn q\u00eb i erdhi Shqip\u00ebris\u00eb, mbeti si\u00e7 \u00ebsht\u00eb, i pad\u00ebshiruar n\u00eb Europ\u00eb dhe n\u00eb bot\u00eb! Berisha u shpreh se reagimi dhe sjellja e Ram\u00ebs n\u00eb Parlament pas k\u00ebsaj ftese treguan, sipas tij, izolimin nd\u00ebrkomb\u00ebtar t\u00eb kryeministrit dhe d\u00ebshtimin p\u00ebr &hellip;<\/p>\n","protected":false},"author":4,"featured_media":134258,"comment_status":"closed","ping_status":"closed","sticky":false,"template":"","format":"standard","meta":{"footnotes":""},"categories":[37],"tags":[],"class_list":["post-134257","post","type-post","status-publish","format-standard","has-post-thumbnail","","category-politike"],"_links":{"self":[{"href":"https:\/\/rdnews.al\/index.php\/wp-json\/wp\/v2\/posts\/134257","targetHints":{"allow":["GET"]}}],"collection":[{"href":"https:\/\/rdnews.al\/index.php\/wp-json\/wp\/v2\/posts"}],"about":[{"href":"https:\/\/rdnews.al\/index.php\/wp-json\/wp\/v2\/types\/post"}],"author":[{"embeddable":true,"href":"https:\/\/rdnews.al\/index.php\/wp-json\/wp\/v2\/users\/4"}],"replies":[{"embeddable":true,"href":"https:\/\/rdnews.al\/index.php\/wp-json\/wp\/v2\/comments?post=134257"}],"version-history":[{"count":5,"href":"https:\/\/rdnews.al\/index.php\/wp-json\/wp\/v2\/posts\/134257\/revisions"}],"predecessor-version":[{"id":134263,"href":"https:\/\/rdnews.al\/index.php\/wp-json\/wp\/v2\/posts\/134257\/revisions\/134263"}],"wp:featuredmedia":[{"embeddable":true,"href":"https:\/\/rdnews.al\/index.php\/wp-json\/wp\/v2\/media\/134258"}],"wp:attachment":[{"href":"https:\/\/rdnews.al\/index.php\/wp-json\/wp\/v2\/media?parent=134257"}],"wp:term":[{"taxonomy":"category","embeddable":true,"href":"https:\/\/rdnews.al\/index.php\/wp-json\/wp\/v2\/categories?post=134257"},{"taxonomy":"post_tag","embeddable":true,"href":"https:\/\/rdnews.al\/index.php\/wp-json\/wp\/v2\/tags?post=134257"}],"curies":[{"name":"wp","href":"https:\/\/api.w.org\/{rel}","templated":true}]}}