{"id":134264,"date":"2026-01-23T12:23:12","date_gmt":"2026-01-23T12:23:12","guid":{"rendered":"https:\/\/rdnews.al\/?p=134264"},"modified":"2026-01-23T12:23:12","modified_gmt":"2026-01-23T12:23:12","slug":"berisha-nuk-mund-te-besoj-mashtrimin-e-rames-atij-iu-ndalua-hyrja-ne-sallen-historike-te-themelimit-te-bordit-te-paqes","status":"publish","type":"post","link":"https:\/\/rdnews.al\/index.php\/2026\/01\/23\/berisha-nuk-mund-te-besoj-mashtrimin-e-rames-atij-iu-ndalua-hyrja-ne-sallen-historike-te-themelimit-te-bordit-te-paqes\/","title":{"rendered":"Berisha: Nuk mund t\u00eb besoj mashtrimin e Ram\u00ebs! Atij iu ndalua hyrja n\u00eb sall\u00ebn historike t\u00eb themelimit t\u00eb &#8220;Bordit t\u00eb Paqes&#8221;"},"content":{"rendered":"<p>Kryetari i PD, Sali Berisha tha se, nuk mund t\u00eb besoj mashtrimin e Ram\u00ebs, atij iu ndalua hyrja n\u00eb sall\u00ebn historike t\u00eb themelimit t\u00eb &#8220;Bordit t\u00eb Paqes&#8221;.<\/p>\n<p>Gjat\u00eb nj\u00eb deklarata p\u00ebr media, gazetarja Marsi Korreshi e pyeti Berish\u00ebn mbi deklarat\u00ebn e Ram\u00ebs n\u00eb Kuvend, ku ky i fundit u shpreh se nuk shkoi n\u00eb Davos pasi kishte p\u00ebr t\u00eb zgjedhur mes pjes\u00ebmarrjes n\u00eb forum ose pritjes s\u00eb vajz\u00ebs s\u00eb presidentit amerikan Donald Trump n\u00eb Tiran\u00eb.<\/p>\n<p>Berisha e hodhi posht\u00eb k\u00ebt\u00eb pretendim, duke theksuar se nj\u00eb justifikim i till\u00eb nuk mund t\u00eb besohet nga askush. Sipas liderit t\u00eb opozit\u00ebs, presidenti amerikan ka respekt maksimal p\u00ebr familjen e tij, nd\u00ebrsa p\u00ebr kryeministrin Rama theksoi se ai tashm\u00eb njihet nd\u00ebrkomb\u00ebtarisht p\u00ebr at\u00eb q\u00eb p\u00ebrfaq\u00ebson.<\/p>\n<p><strong>Marsi Korreshi, SYRI TV:<\/strong> Arsyeja se pse nuk ishte n\u00eb Davos, Edi Rama tha n\u00eb parlament faktin se, ishte mes dy zgjedhjeve, t\u00eb shkonte n\u00eb Davos, apo t\u00eb priste vajz\u00ebn e Donald Trump n\u00eb Tiran\u00eb. Dhe zgjodhi me porosi, sipas tij, t\u00eb Donald Trump t\u00eb takonte vajz\u00ebn. Keni nj\u00eb koment?<\/p>\n<p><strong>Sali Berisha:<\/strong> Besoj se asnj\u00ebri n\u00eb bot\u00eb nuk mund t\u00eb besoj\u00eb nj\u00eb mashtrim t\u00eb till\u00eb. Tani, q\u00eb un\u00eb t\u00eb them k\u00ebt\u00eb, duhet t\u00eb them q\u00eb presidenti Amerikan, p\u00ebrdor vizit\u00ebn e vajz\u00ebs p\u00ebr t\u00eb shp\u00ebtuar prej tij, mos ta ket\u00eb n\u00eb zyr\u00eb.<\/p>\n<p>Por kjo nuk mund t\u00eb ndodh\u00eb kurr\u00eb.<\/p>\n<p>Presidenti ka respektin m\u00eb t\u00eb madh p\u00ebr vajz\u00ebn dhe familjen e tij dhe p\u00ebr Edi Ram\u00ebn e kupton se, \u00ebsht\u00eb nj\u00eb Ramaduro i v\u00ebrtet\u00eb dhe absolutisht nj\u00eb afer\u00eb biznesi nuk ka asnj\u00eb lidhje me aktin madhor t\u00eb themelimit t\u00eb \u2018Bordit t\u00eb Paqes\u2019, ku Edi Rama u ndalua.<\/p>\n<p>N\u00eb at\u00eb sall\u00eb historike nuk mund t\u00eb ishte. E tregoi ai, e tha sinqerisht, dy-tre prej nuk mund t\u00eb jen\u00eb, nuk i honeps dot dhe nga k\u00ebta 2-3, nj\u00ebri \u00ebsht\u00eb Rama, tjetrin e gjejm\u00eb m\u00eb von\u00eb.<\/p>\n","protected":false},"excerpt":{"rendered":"<p>Kryetari i PD, Sali Berisha tha se, nuk mund t\u00eb besoj mashtrimin e Ram\u00ebs, atij iu ndalua hyrja n\u00eb sall\u00ebn historike t\u00eb themelimit t\u00eb &#8220;Bordit t\u00eb Paqes&#8221;. Gjat\u00eb nj\u00eb deklarata p\u00ebr media, gazetarja Marsi Korreshi e pyeti Berish\u00ebn mbi deklarat\u00ebn e Ram\u00ebs n\u00eb Kuvend, ku ky i fundit u shpreh se nuk shkoi n\u00eb Davos &hellip;<\/p>\n","protected":false},"author":4,"featured_media":134265,"comment_status":"closed","ping_status":"closed","sticky":false,"template":"","format":"standard","meta":{"footnotes":""},"categories":[37],"tags":[],"class_list":["post-134264","post","type-post","status-publish","format-standard","has-post-thumbnail","","category-politike"],"_links":{"self":[{"href":"https:\/\/rdnews.al\/index.php\/wp-json\/wp\/v2\/posts\/134264","targetHints":{"allow":["GET"]}}],"collection":[{"href":"https:\/\/rdnews.al\/index.php\/wp-json\/wp\/v2\/posts"}],"about":[{"href":"https:\/\/rdnews.al\/index.php\/wp-json\/wp\/v2\/types\/post"}],"author":[{"embeddable":true,"href":"https:\/\/rdnews.al\/index.php\/wp-json\/wp\/v2\/users\/4"}],"replies":[{"embeddable":true,"href":"https:\/\/rdnews.al\/index.php\/wp-json\/wp\/v2\/comments?post=134264"}],"version-history":[{"count":1,"href":"https:\/\/rdnews.al\/index.php\/wp-json\/wp\/v2\/posts\/134264\/revisions"}],"predecessor-version":[{"id":134266,"href":"https:\/\/rdnews.al\/index.php\/wp-json\/wp\/v2\/posts\/134264\/revisions\/134266"}],"wp:featuredmedia":[{"embeddable":true,"href":"https:\/\/rdnews.al\/index.php\/wp-json\/wp\/v2\/media\/134265"}],"wp:attachment":[{"href":"https:\/\/rdnews.al\/index.php\/wp-json\/wp\/v2\/media?parent=134264"}],"wp:term":[{"taxonomy":"category","embeddable":true,"href":"https:\/\/rdnews.al\/index.php\/wp-json\/wp\/v2\/categories?post=134264"},{"taxonomy":"post_tag","embeddable":true,"href":"https:\/\/rdnews.al\/index.php\/wp-json\/wp\/v2\/tags?post=134264"}],"curies":[{"name":"wp","href":"https:\/\/api.w.org\/{rel}","templated":true}]}}