{"id":134267,"date":"2026-01-23T12:26:54","date_gmt":"2026-01-23T12:26:54","guid":{"rendered":"https:\/\/rdnews.al\/?p=134267"},"modified":"2026-01-23T12:26:54","modified_gmt":"2026-01-23T12:26:54","slug":"berisha-i-them-edi-rames-nese-je-burre-qendro-ne-zyre-neser-qytetaret-do-te-te-japin-leksion","status":"publish","type":"post","link":"https:\/\/rdnews.al\/index.php\/2026\/01\/23\/berisha-i-them-edi-rames-nese-je-burre-qendro-ne-zyre-neser-qytetaret-do-te-te-japin-leksion\/","title":{"rendered":"Berisha: I them Edi Ram\u00ebs n\u00ebse je burr\u00eb q\u00ebndro n\u00eb zyr\u00eb nes\u00ebr, qytetar\u00ebt do t\u00eb t\u00eb japin leksion!"},"content":{"rendered":"<p>Kryetari i Partis\u00eb Demokratike, Sali Berisha deklaroi n\u00eb konferenc\u00ebn p\u00ebr shtyp se, i them Edi Ram\u00ebs n\u00ebse je burr\u00eb q\u00ebndro n\u00eb zyr\u00eb nes\u00ebr, qytetar\u00ebt do t\u00eb t\u00eb japin leksion.<\/p>\n<p>I pyetur n\u00ebse protesta e nes\u00ebrme do t\u00eb jet\u00eb nj\u00eb hap drejt rr\u00ebzimit t\u00eb qeveris\u00eb, pas asaj t\u00eb 22 Dhjetorit q\u00eb u quajt \u201cprov\u00eb gjenerale\u201d, Berisha u shpreh se, qytetar\u00ebt do t\u2019i japin nj\u00eb m\u00ebsim t\u00eb merituar mazhoranc\u00ebs.<\/p>\n<p><strong>Pyetja:<\/strong> Protest\u00ebn e 22 Dhjetorit e quajt\u00ebt si prov\u00eb gjenerale p\u00ebr t\u00eb rr\u00ebzuar qeverin\u00eb e Edi Ram\u00ebs. Protest\u00ebn e nes\u00ebrme si do ta konsideroni. Do rr\u00ebzohet qeveria apo do t\u00eb ket\u00eb nj\u00eb protest\u00eb t\u00eb 3-4-5&#8230;<\/p>\n<p><strong>Sali Berisha:<\/strong> Do t\u2019i japim m\u00ebsimin q\u00eb meriton qeveris\u00eb, k\u00ebshtu do ta cil\u00ebsoj un\u00eb protest\u00ebn, qytetar\u00ebt do ti japin leksion t\u00eb fort\u00eb qeveris\u00eb. Le t\u00eb rrij\u00eb n\u00eb zyr\u00eb ta provoj\u00eb.<br \/>\nKaq i them, rri aty. Muret i ke blinduar, dyert i ke plumbosur, rri e shko futu, rri n\u00eb je burr\u00eb.<\/p>\n","protected":false},"excerpt":{"rendered":"<p>Kryetari i Partis\u00eb Demokratike, Sali Berisha deklaroi n\u00eb konferenc\u00ebn p\u00ebr shtyp se, i them Edi Ram\u00ebs n\u00ebse je burr\u00eb q\u00ebndro n\u00eb zyr\u00eb nes\u00ebr, qytetar\u00ebt do t\u00eb t\u00eb japin leksion. I pyetur n\u00ebse protesta e nes\u00ebrme do t\u00eb jet\u00eb nj\u00eb hap drejt rr\u00ebzimit t\u00eb qeveris\u00eb, pas asaj t\u00eb 22 Dhjetorit q\u00eb u quajt \u201cprov\u00eb gjenerale\u201d, Berisha &hellip;<\/p>\n","protected":false},"author":4,"featured_media":134248,"comment_status":"closed","ping_status":"closed","sticky":false,"template":"","format":"standard","meta":{"footnotes":""},"categories":[37],"tags":[],"class_list":["post-134267","post","type-post","status-publish","format-standard","has-post-thumbnail","","category-politike"],"_links":{"self":[{"href":"https:\/\/rdnews.al\/index.php\/wp-json\/wp\/v2\/posts\/134267","targetHints":{"allow":["GET"]}}],"collection":[{"href":"https:\/\/rdnews.al\/index.php\/wp-json\/wp\/v2\/posts"}],"about":[{"href":"https:\/\/rdnews.al\/index.php\/wp-json\/wp\/v2\/types\/post"}],"author":[{"embeddable":true,"href":"https:\/\/rdnews.al\/index.php\/wp-json\/wp\/v2\/users\/4"}],"replies":[{"embeddable":true,"href":"https:\/\/rdnews.al\/index.php\/wp-json\/wp\/v2\/comments?post=134267"}],"version-history":[{"count":1,"href":"https:\/\/rdnews.al\/index.php\/wp-json\/wp\/v2\/posts\/134267\/revisions"}],"predecessor-version":[{"id":134268,"href":"https:\/\/rdnews.al\/index.php\/wp-json\/wp\/v2\/posts\/134267\/revisions\/134268"}],"wp:featuredmedia":[{"embeddable":true,"href":"https:\/\/rdnews.al\/index.php\/wp-json\/wp\/v2\/media\/134248"}],"wp:attachment":[{"href":"https:\/\/rdnews.al\/index.php\/wp-json\/wp\/v2\/media?parent=134267"}],"wp:term":[{"taxonomy":"category","embeddable":true,"href":"https:\/\/rdnews.al\/index.php\/wp-json\/wp\/v2\/categories?post=134267"},{"taxonomy":"post_tag","embeddable":true,"href":"https:\/\/rdnews.al\/index.php\/wp-json\/wp\/v2\/tags?post=134267"}],"curies":[{"name":"wp","href":"https:\/\/api.w.org\/{rel}","templated":true}]}}