{"id":134269,"date":"2026-01-23T12:32:53","date_gmt":"2026-01-23T12:32:53","guid":{"rendered":"https:\/\/rdnews.al\/?p=134269"},"modified":"2026-01-23T12:32:53","modified_gmt":"2026-01-23T12:32:53","slug":"berisha-me-edi-ramen-nuk-ka-asnje-bashkepunim-ka-vetem-beteje","status":"publish","type":"post","link":"https:\/\/rdnews.al\/index.php\/2026\/01\/23\/berisha-me-edi-ramen-nuk-ka-asnje-bashkepunim-ka-vetem-beteje\/","title":{"rendered":"Berisha: Me Edi Ram\u00ebn nuk ka asnj\u00eb bashk\u00ebpunim, ka vet\u00ebm betej\u00eb!"},"content":{"rendered":"<p>Kryetari i Partis\u00eb Demokratike, Sali Berisha, duke ju p\u00ebrgjigjur pyetjeve t\u00eb gazetave tha se, me Ram\u00ebn nuk ka asnj\u00eb bashk\u00ebpunim, ka vet\u00ebm betej\u00eb!<\/p>\n<p>Berisha tha se, do krijojm\u00eb komisionet tona p\u00ebr reform\u00eb territoriale dhe zgjedhore.<\/p>\n<p><strong>Anesti Bajramemaj, A2CNN:<\/strong> Nd\u00ebrkoh\u00eb q\u00eb ju k\u00ebrc\u00ebnoni qeverin\u00eb p\u00ebr rr\u00ebzim me protesta, mazhoranca dit\u00ebn e djeshme ka marr\u00eb nj\u00eb vendim p\u00ebr t\u00eb ndryshuar rregullat e loj\u00ebs tek komisioni i reform\u00ebs territoriale. Tashm\u00eb nuk do t\u00eb ket\u00eb bashk\u00ebkryetar sipas mazhoranc\u00ebs, por do t\u00eb jet\u00eb nj\u00eb rikompozim t\u00eb komisionit. E nj\u00ebjta gj\u00eb do t\u00eb ndodh\u00eb dhe n\u00eb Komisionin e reform\u00ebs zgjedhore, sipas porosis\u00eb s\u00eb Ram\u00ebs. Ju do t\u00eb ktheheni n\u00eb k\u00ebto dy tryeza.<\/p>\n<p><strong>Sali Berisha:<\/strong> Ne kemi nd\u00ebrprer\u00eb bashk\u00ebpunimin me narkomazhoranc\u00ebn, ne krijojm\u00eb komisionet e reform\u00ebs territoriale me forcat opozitare dhe reform\u00ebn zgjedhore me forcat opozitare.<\/p>\n<p>Me media me t\u00eb gjitha dhe ne krijojm\u00eb, paraqesim para shqiptar\u00ebve reform\u00ebn ton\u00eb territoriale.<\/p>\n<p><strong>Anesti Bajramemaj, A2CNN:<\/strong> Pra do ta b\u00ebni reform\u00ebn jasht\u00eb parlamentit?<\/p>\n<p><strong>Sali Berisha:<\/strong> Do b\u00ebjm\u00eb reform\u00ebn e v\u00ebrtet\u00eb. Jan\u00eb deputet\u00ebt tan\u00eb q\u00eb do e b\u00ebjn\u00eb. Oerd Bylykbashi dhe Lu\u00e7iano Bo\u00e7i do t\u00eb jen\u00eb ata q\u00eb do t\u00eb kryesojn\u00eb komisionet nga ana e PD, sepse do jet\u00eb bashk\u00eb me opozit\u00ebn p\u00ebr reform\u00ebn territoriale dhe reform\u00ebn zgjedhore.<\/p>\n<p><strong>Anesti Bajramemaj, A2CNN:<\/strong> Pra n\u00eb Komisionet q\u00eb jan\u00eb n\u00eb parlament nuk do t\u00eb shkoni m\u00eb.<\/p>\n<p><strong>Sali Berisha:<\/strong> Me Edi Ram\u00ebn nuk ka asnj\u00eb bashk\u00ebpunim, ka vet\u00ebm betej\u00eb!<\/p>\n","protected":false},"excerpt":{"rendered":"<p>Kryetari i Partis\u00eb Demokratike, Sali Berisha, duke ju p\u00ebrgjigjur pyetjeve t\u00eb gazetave tha se, me Ram\u00ebn nuk ka asnj\u00eb bashk\u00ebpunim, ka vet\u00ebm betej\u00eb! Berisha tha se, do krijojm\u00eb komisionet tona p\u00ebr reform\u00eb territoriale dhe zgjedhore. Anesti Bajramemaj, A2CNN: Nd\u00ebrkoh\u00eb q\u00eb ju k\u00ebrc\u00ebnoni qeverin\u00eb p\u00ebr rr\u00ebzim me protesta, mazhoranca dit\u00ebn e djeshme ka marr\u00eb nj\u00eb vendim &hellip;<\/p>\n","protected":false},"author":4,"featured_media":134270,"comment_status":"closed","ping_status":"closed","sticky":false,"template":"","format":"standard","meta":{"footnotes":""},"categories":[37],"tags":[],"class_list":["post-134269","post","type-post","status-publish","format-standard","has-post-thumbnail","","category-politike"],"_links":{"self":[{"href":"https:\/\/rdnews.al\/index.php\/wp-json\/wp\/v2\/posts\/134269","targetHints":{"allow":["GET"]}}],"collection":[{"href":"https:\/\/rdnews.al\/index.php\/wp-json\/wp\/v2\/posts"}],"about":[{"href":"https:\/\/rdnews.al\/index.php\/wp-json\/wp\/v2\/types\/post"}],"author":[{"embeddable":true,"href":"https:\/\/rdnews.al\/index.php\/wp-json\/wp\/v2\/users\/4"}],"replies":[{"embeddable":true,"href":"https:\/\/rdnews.al\/index.php\/wp-json\/wp\/v2\/comments?post=134269"}],"version-history":[{"count":1,"href":"https:\/\/rdnews.al\/index.php\/wp-json\/wp\/v2\/posts\/134269\/revisions"}],"predecessor-version":[{"id":134271,"href":"https:\/\/rdnews.al\/index.php\/wp-json\/wp\/v2\/posts\/134269\/revisions\/134271"}],"wp:featuredmedia":[{"embeddable":true,"href":"https:\/\/rdnews.al\/index.php\/wp-json\/wp\/v2\/media\/134270"}],"wp:attachment":[{"href":"https:\/\/rdnews.al\/index.php\/wp-json\/wp\/v2\/media?parent=134269"}],"wp:term":[{"taxonomy":"category","embeddable":true,"href":"https:\/\/rdnews.al\/index.php\/wp-json\/wp\/v2\/categories?post=134269"},{"taxonomy":"post_tag","embeddable":true,"href":"https:\/\/rdnews.al\/index.php\/wp-json\/wp\/v2\/tags?post=134269"}],"curies":[{"name":"wp","href":"https:\/\/api.w.org\/{rel}","templated":true}]}}