{"id":134272,"date":"2026-01-23T12:38:01","date_gmt":"2026-01-23T12:38:01","guid":{"rendered":"https:\/\/rdnews.al\/?p=134272"},"modified":"2026-01-23T12:38:01","modified_gmt":"2026-01-23T12:38:01","slug":"bardhi-opozita-votoi-ne-bllok-kunder-neneve-te-ligjit-qe-permbanin-emrin-e-edi-rames","status":"publish","type":"post","link":"https:\/\/rdnews.al\/index.php\/2026\/01\/23\/bardhi-opozita-votoi-ne-bllok-kunder-neneve-te-ligjit-qe-permbanin-emrin-e-edi-rames\/","title":{"rendered":"Bardhi: Opozita votoi n\u00eb bllok kund\u00ebr neneve t\u00eb ligjit q\u00eb p\u00ebrmbanin emrin e Edi Ram\u00ebs!"},"content":{"rendered":"<p>Kreu i grupit parlamentar t\u00eb PD, Gazment Bardhi ka reaguar edhe nj\u00ebher\u00eb n\u00eb lidhje me transparenc\u00ebn mbi ratifikimin e ligjit p\u00ebr pjes\u00ebmarrjen e Shqip\u00ebris\u00eb n\u00eb Bordin e Paqes, t\u00eb iniciuar nga Presidenti i 47-t\u00eb i ShBA-ve, Donald Trump.<\/p>\n<p>Bardhi shkruan se, opozita votoi n\u00eb bllok kund\u00ebr neneve q\u00eb p\u00ebrmbanin emrin e Edi Ram\u00ebs n\u00eb ligjin p\u00ebr an\u00ebtar\u00ebsimin e Shqip\u00ebris\u00eb n\u00eb Bordin e Paqes\u2019.<\/p>\n<p>Sipas Bardhit, mazhoranca rr\u00ebzoi me forc\u00ebn e kartonit amendamentet tona q\u00eb ligji t\u00eb marr\u00eb tiparet e ligjit t\u00eb Republik\u00ebs. Mazhoranca mund ta rehatoj\u00eb Edi Ram\u00ebn duke i v\u00ebn\u00eb emrin n\u00eb ligj, por ai e di mir\u00eb se nuk ka as rehati, as lavdi p\u00ebr hajdut\u00ebt.<\/p>\n<p><strong>Reagimi<\/strong><\/p>\n<p>Opozita votoi n\u00eb bllok kund\u00ebr neneve q\u00eb p\u00ebrmbanin emrin e Edi Ram\u00ebs n\u00eb ligjin p\u00ebr an\u00ebtar\u00ebsimin e Shqip\u00ebris\u00eb n\u00eb Bordin e Paqes. Ky \u00ebsht\u00eb nj\u00eb akt i paprecedent q\u00eb nxjerr n\u00eb pah hallin e madh t\u00eb Edi Ram\u00ebs. Mazhoranca rr\u00ebzoi me forc\u00ebn e kartonit amendamentet tona q\u00eb ligji t\u00eb marr\u00eb tiparet e ligjit t\u00eb Republik\u00ebs.<\/p>\n<p>Mazhoranca mund ta rehatoj\u00eb Edi Ram\u00ebn duke i v\u00ebn\u00eb emrin n\u00eb ligj, por ai e di mir\u00eb se nuk ka as rehati, as lavdi p\u00ebr hajdut\u00ebt. P\u00ebr ata q\u00eb bashk\u00ebpunojn\u00eb me kartelet e drog\u00ebs. P\u00ebr ata q\u00eb kan\u00eb vjedhur dhe zhvatur shqiptar\u00ebt pa m\u00ebshir\u00eb.<\/p>\n<p>Duke nisur nga vota,<\/p>\n<p>duke vazhduar me pasurit\u00eb publike,<\/p>\n<p>me koncesionet,<\/p>\n<p>me tenderat,<\/p>\n<p>me taksat,<\/p>\n<p>me pron\u00ebn,<\/p>\n<p>me t\u00eb ardhmen e k\u00ebtij vendi.<\/p>\n<p>Mazhoranca mund t\u00eb p\u00ebrdor\u00eb sot nj\u00eb dokument t\u00eb aleatit ton\u00eb strategjik p\u00ebr t\u00eb bler\u00eb koh\u00eb, por Edi Rama duhet ta dij\u00eb se nuk ka shp\u00ebtim nga p\u00ebrballja.<\/p>\n<p>Sepse p\u00ebrballja e v\u00ebrtet\u00eb do t\u00eb jet\u00eb m\u00eb 24 janar, me qytetar\u00ebt. Dhe p\u00ebrball\u00eb qytetar\u00ebve, asnj\u00eb manov\u00ebr politike dhe asnj\u00eb em\u00ebr n\u00eb let\u00ebr nuk ka vler\u00eb!<\/p>\n","protected":false},"excerpt":{"rendered":"<p>Kreu i grupit parlamentar t\u00eb PD, Gazment Bardhi ka reaguar edhe nj\u00ebher\u00eb n\u00eb lidhje me transparenc\u00ebn mbi ratifikimin e ligjit p\u00ebr pjes\u00ebmarrjen e Shqip\u00ebris\u00eb n\u00eb Bordin e Paqes, t\u00eb iniciuar nga Presidenti i 47-t\u00eb i ShBA-ve, Donald Trump. Bardhi shkruan se, opozita votoi n\u00eb bllok kund\u00ebr neneve q\u00eb p\u00ebrmbanin emrin e Edi Ram\u00ebs n\u00eb ligjin &hellip;<\/p>\n","protected":false},"author":4,"featured_media":84057,"comment_status":"closed","ping_status":"closed","sticky":false,"template":"","format":"standard","meta":{"footnotes":""},"categories":[37],"tags":[],"class_list":["post-134272","post","type-post","status-publish","format-standard","has-post-thumbnail","","category-politike"],"_links":{"self":[{"href":"https:\/\/rdnews.al\/index.php\/wp-json\/wp\/v2\/posts\/134272","targetHints":{"allow":["GET"]}}],"collection":[{"href":"https:\/\/rdnews.al\/index.php\/wp-json\/wp\/v2\/posts"}],"about":[{"href":"https:\/\/rdnews.al\/index.php\/wp-json\/wp\/v2\/types\/post"}],"author":[{"embeddable":true,"href":"https:\/\/rdnews.al\/index.php\/wp-json\/wp\/v2\/users\/4"}],"replies":[{"embeddable":true,"href":"https:\/\/rdnews.al\/index.php\/wp-json\/wp\/v2\/comments?post=134272"}],"version-history":[{"count":1,"href":"https:\/\/rdnews.al\/index.php\/wp-json\/wp\/v2\/posts\/134272\/revisions"}],"predecessor-version":[{"id":134273,"href":"https:\/\/rdnews.al\/index.php\/wp-json\/wp\/v2\/posts\/134272\/revisions\/134273"}],"wp:featuredmedia":[{"embeddable":true,"href":"https:\/\/rdnews.al\/index.php\/wp-json\/wp\/v2\/media\/84057"}],"wp:attachment":[{"href":"https:\/\/rdnews.al\/index.php\/wp-json\/wp\/v2\/media?parent=134272"}],"wp:term":[{"taxonomy":"category","embeddable":true,"href":"https:\/\/rdnews.al\/index.php\/wp-json\/wp\/v2\/categories?post=134272"},{"taxonomy":"post_tag","embeddable":true,"href":"https:\/\/rdnews.al\/index.php\/wp-json\/wp\/v2\/tags?post=134272"}],"curies":[{"name":"wp","href":"https:\/\/api.w.org\/{rel}","templated":true}]}}