{"id":134277,"date":"2026-01-23T12:58:00","date_gmt":"2026-01-23T12:58:00","guid":{"rendered":"https:\/\/rdnews.al\/?p=134277"},"modified":"2026-01-23T12:58:18","modified_gmt":"2026-01-23T12:58:18","slug":"vangjeli-7-vjet-nga-termeti-shkaterrimtar-bashkia-e-tiranes-perjashton-qytetaret-nga-e-drejta-e-kompensimit","status":"publish","type":"post","link":"https:\/\/rdnews.al\/index.php\/2026\/01\/23\/vangjeli-7-vjet-nga-termeti-shkaterrimtar-bashkia-e-tiranes-perjashton-qytetaret-nga-e-drejta-e-kompensimit\/","title":{"rendered":"7 vjet nga t\u00ebrmeti shkat\u00ebrrimtar, Bashkia e Tiran\u00ebs p\u00ebrjashton qytetar\u00ebt nga e drejta e kompensimit!"},"content":{"rendered":"<p><strong>Deklarata e z\u00ebdh\u00ebn\u00ebses s\u00eb Antikorrupsionit n\u00eb PD, Genta Vangjeli:<\/strong><\/p>\n<p>Kan\u00eb kaluar 7 vite nga t\u00ebrmeti shkat\u00ebrrimtar i vitit 2019 por ende sot, shum\u00eb qytetar\u00eb nuk kan\u00eb gjetur zgjidhje p\u00ebr pronat e tyre,<\/p>\n<p>Nj\u00eb rast konkret denoncimi vjen nga nj\u00eb banore e Tiran\u00ebs, n\u00eb Nj\u00ebsin\u00eb Administrative nr. 6, Kombinat.<\/p>\n<p>Denoncuesja \u00ebsht\u00eb pronare legjitime e nj\u00eb apartamenti prej 45 m\u00b2, n\u00eb godin\u00ebn nr. 164, pron\u00ebsi e v\u00ebrtetuar me certifikat\u00eb t\u00eb rregullt pron\u00ebsie.<\/p>\n<p>Pasi godina u shpall e pabanueshme pas t\u00ebrmetit, qytetarja u njoftua nga Bashkia Tiran\u00eb, se ishte skualifikuar nga p\u00ebrfitimi i n\u00ebnprogramit t\u00eb grantit t\u00eb rikonstruksionit.<\/p>\n<p>Denoncuesja ka paraqitur ankimimin e saj, por p\u00ebrgjigjja e Bashkis\u00eb ka qen\u00eb se ajo nuk p\u00ebrfiton p\u00ebr shkak t\u00eb \u2018mosplot\u00ebsimit t\u00eb kushteve dhe kritereve\u2019, sipas akteve ligjore dhe n\u00ebnligjore t\u00eb rind\u00ebrtimit.<\/p>\n<div class=\"wp-block-file\" data-wp-interactive=\"core\/file\"><object class=\"wp-block-file__embed\" data=\"https:\/\/pd.al\/wp-content\/uploads\/2026\/01\/Denoncimi-Ylla-Dhaskali-perjashtim-nga-kompensimi-i-prones.pdf\" type=\"application\/pdf\" width=\"300\" height=\"150\" data-wp-bind--hidden=\"!state.hasPdfPreview\" aria-label=\"Trup\u00ebzim i Denoncimi Ylla Dhaskali perjashtim nga kompensimi i prones.\" data-mce-fragment=\"1\"><\/object><a id=\"wp-block-file--media-8929094a-018f-4bf3-a85d-d1bb058456cc\" href=\"https:\/\/pd.al\/wp-content\/uploads\/2026\/01\/Denoncimi-Ylla-Dhaskali-perjashtim-nga-kompensimi-i-prones.pdf\" target=\"_blank\" rel=\"noopener\">Denoncimi Ylla Dhaskali perjashtim nga kompensimi i prones<\/a><a class=\"wp-block-file__button wp-element-button\" href=\"https:\/\/pd.al\/wp-content\/uploads\/2026\/01\/Denoncimi-Ylla-Dhaskali-perjashtim-nga-kompensimi-i-prones.pdf\" download=\"\" aria-describedby=\"wp-block-file--media-8929094a-018f-4bf3-a85d-d1bb058456cc\" target=\"_blank\" rel=\"noopener\">Download<\/a><\/div>\n<p>Pyetja q\u00eb ngrihet \u00ebsht\u00eb:<\/p>\n<p>\u00c7far\u00eb duhet t\u00eb b\u00ebj\u00eb kjo qytetare p\u00ebr t\u00eb p\u00ebrfituar nga granti i rind\u00ebrtimit t\u00eb banesave t\u00eb reja n\u00eb Nj\u00ebsin\u00eb Administrative nr. 6?<\/p>\n<p>A duhet t\u00eb humbas\u00eb edhe vitet e jet\u00ebs duke u endur pas dyerve t\u00eb bashkis\u00eb dhe gjykatave?<\/p>\n<p>Kan\u00eb kaluar 7 vite, jan\u00eb shpenzuar miliona euro, nd\u00ebrsa dhjet\u00ebra familje vijojn\u00eb t\u00eb mbeten pa zgjidhje.<\/p>\n<p>Shum\u00eb qytetar\u00eb ndjehen t\u00eb braktisur nga shteti dhe t\u00eb mashtruar nga propaganda zyrtare.<\/p>\n<p>Institucionet duhet t\u00eb japin zgjidhje konkrete, jo justifikime burokratike.<\/p>\n<p>Propaganda nuk nd\u00ebrton sht\u00ebpi!<\/p>\n","protected":false},"excerpt":{"rendered":"<p>Deklarata e z\u00ebdh\u00ebn\u00ebses s\u00eb Antikorrupsionit n\u00eb PD, Genta Vangjeli: Kan\u00eb kaluar 7 vite nga t\u00ebrmeti shkat\u00ebrrimtar i vitit 2019 por ende sot, shum\u00eb qytetar\u00eb nuk kan\u00eb gjetur zgjidhje p\u00ebr pronat e tyre, Nj\u00eb rast konkret denoncimi vjen nga nj\u00eb banore e Tiran\u00ebs, n\u00eb Nj\u00ebsin\u00eb Administrative nr. 6, Kombinat. Denoncuesja \u00ebsht\u00eb pronare legjitime e nj\u00eb apartamenti &hellip;<\/p>\n","protected":false},"author":4,"featured_media":132941,"comment_status":"closed","ping_status":"closed","sticky":false,"template":"","format":"standard","meta":{"footnotes":""},"categories":[37],"tags":[],"class_list":["post-134277","post","type-post","status-publish","format-standard","has-post-thumbnail","","category-politike"],"_links":{"self":[{"href":"https:\/\/rdnews.al\/index.php\/wp-json\/wp\/v2\/posts\/134277","targetHints":{"allow":["GET"]}}],"collection":[{"href":"https:\/\/rdnews.al\/index.php\/wp-json\/wp\/v2\/posts"}],"about":[{"href":"https:\/\/rdnews.al\/index.php\/wp-json\/wp\/v2\/types\/post"}],"author":[{"embeddable":true,"href":"https:\/\/rdnews.al\/index.php\/wp-json\/wp\/v2\/users\/4"}],"replies":[{"embeddable":true,"href":"https:\/\/rdnews.al\/index.php\/wp-json\/wp\/v2\/comments?post=134277"}],"version-history":[{"count":2,"href":"https:\/\/rdnews.al\/index.php\/wp-json\/wp\/v2\/posts\/134277\/revisions"}],"predecessor-version":[{"id":134279,"href":"https:\/\/rdnews.al\/index.php\/wp-json\/wp\/v2\/posts\/134277\/revisions\/134279"}],"wp:featuredmedia":[{"embeddable":true,"href":"https:\/\/rdnews.al\/index.php\/wp-json\/wp\/v2\/media\/132941"}],"wp:attachment":[{"href":"https:\/\/rdnews.al\/index.php\/wp-json\/wp\/v2\/media?parent=134277"}],"wp:term":[{"taxonomy":"category","embeddable":true,"href":"https:\/\/rdnews.al\/index.php\/wp-json\/wp\/v2\/categories?post=134277"},{"taxonomy":"post_tag","embeddable":true,"href":"https:\/\/rdnews.al\/index.php\/wp-json\/wp\/v2\/tags?post=134277"}],"curies":[{"name":"wp","href":"https:\/\/api.w.org\/{rel}","templated":true}]}}