{"id":134283,"date":"2026-01-23T15:35:35","date_gmt":"2026-01-23T15:35:35","guid":{"rendered":"https:\/\/rdnews.al\/?p=134283"},"modified":"2026-01-23T15:35:35","modified_gmt":"2026-01-23T15:35:35","slug":"dokumentat-provojne-se-rama-eshte-implikuar-ne-vrasje-denoncimi-i-forte","status":"publish","type":"post","link":"https:\/\/rdnews.al\/index.php\/2026\/01\/23\/dokumentat-provojne-se-rama-eshte-implikuar-ne-vrasje-denoncimi-i-forte\/","title":{"rendered":"Dokumentat provojn\u00eb se Rama \u00ebsht\u00eb implikuar n\u00eb vrasje\/ Denoncimi i fort\u00eb&#8230;"},"content":{"rendered":"<div class=\"chapo\">Kreu i Partis\u00eb Demokratike, Sali Berisha, ka akuzuar kryeministrin Edi Rama duke deklaruar se kreu i qeveris\u00eb \u00ebsht\u00eb kriminel.<\/div>\n<p>Kryedemokrati deklaroi, se sipas tij, Rama \u00ebsht\u00eb i implikuar me dokumente edhe n\u00eb vrasje.<\/p>\n<p>Berisha theksoi se Ergys Agasi, i shpallur n\u00eb k\u00ebrkim nga SPAK, nuk vepronte pa miratimin e drejtp\u00ebrdrejt\u00eb t\u00eb kryeministrit, duke theksuar se \u00e7do hap i tij ishte i koordinuar dhe i kontrolluar nga Rama.<\/p>\n<p>Sipas tij, Agasi ishte nj\u00eb person i besuar i kreut t\u00eb qeveris dhe vepronte n\u00eb em\u00ebr t\u00eb tij.<\/p>\n<p>\u201cTa kemi shum\u00eb t\u00eb qart\u00eb. Ai \u00ebsht\u00eb nj\u00eb kriminel, ta dish nj\u00eb gj\u00eb. \u00cbsht\u00eb i implikuar me dokumente edhe n\u00eb vrasje. Ergys Agasi nuk l\u00ebvizte asnj\u00eb milimet\u00ebr pa t\u00eb. Ergys Agasi ishte goja e tij, mendja e tij, shpirti i tij i zi\u201d, u shpreh Berisha n\u00eb studio.<\/p>\n<p>Ergys Agasi \u00ebsht\u00eb shpallur n\u00eb k\u00ebrkim nga SPAK n\u00eb kuad\u00ebr t\u00eb hetimeve p\u00ebr afer\u00ebn e dyshuar t\u00eb abuzimit me fondet publike n\u00eb Agjencin\u00eb Komb\u00ebtare t\u00eb Shoq\u00ebris\u00eb s\u00eb Informacionit (AKSHI).<\/p>\n","protected":false},"excerpt":{"rendered":"<p>Kreu i Partis\u00eb Demokratike, Sali Berisha, ka akuzuar kryeministrin Edi Rama duke deklaruar se kreu i qeveris\u00eb \u00ebsht\u00eb kriminel. Kryedemokrati deklaroi, se sipas tij, Rama \u00ebsht\u00eb i implikuar me dokumente edhe n\u00eb vrasje. Berisha theksoi se Ergys Agasi, i shpallur n\u00eb k\u00ebrkim nga SPAK, nuk vepronte pa miratimin e drejtp\u00ebrdrejt\u00eb t\u00eb kryeministrit, duke theksuar se &hellip;<\/p>\n","protected":false},"author":3,"featured_media":134284,"comment_status":"closed","ping_status":"closed","sticky":false,"template":"","format":"standard","meta":{"footnotes":""},"categories":[37],"tags":[],"class_list":["post-134283","post","type-post","status-publish","format-standard","has-post-thumbnail","","category-politike"],"_links":{"self":[{"href":"https:\/\/rdnews.al\/index.php\/wp-json\/wp\/v2\/posts\/134283","targetHints":{"allow":["GET"]}}],"collection":[{"href":"https:\/\/rdnews.al\/index.php\/wp-json\/wp\/v2\/posts"}],"about":[{"href":"https:\/\/rdnews.al\/index.php\/wp-json\/wp\/v2\/types\/post"}],"author":[{"embeddable":true,"href":"https:\/\/rdnews.al\/index.php\/wp-json\/wp\/v2\/users\/3"}],"replies":[{"embeddable":true,"href":"https:\/\/rdnews.al\/index.php\/wp-json\/wp\/v2\/comments?post=134283"}],"version-history":[{"count":1,"href":"https:\/\/rdnews.al\/index.php\/wp-json\/wp\/v2\/posts\/134283\/revisions"}],"predecessor-version":[{"id":134285,"href":"https:\/\/rdnews.al\/index.php\/wp-json\/wp\/v2\/posts\/134283\/revisions\/134285"}],"wp:featuredmedia":[{"embeddable":true,"href":"https:\/\/rdnews.al\/index.php\/wp-json\/wp\/v2\/media\/134284"}],"wp:attachment":[{"href":"https:\/\/rdnews.al\/index.php\/wp-json\/wp\/v2\/media?parent=134283"}],"wp:term":[{"taxonomy":"category","embeddable":true,"href":"https:\/\/rdnews.al\/index.php\/wp-json\/wp\/v2\/categories?post=134283"},{"taxonomy":"post_tag","embeddable":true,"href":"https:\/\/rdnews.al\/index.php\/wp-json\/wp\/v2\/tags?post=134283"}],"curies":[{"name":"wp","href":"https:\/\/api.w.org\/{rel}","templated":true}]}}