{"id":134294,"date":"2026-01-23T18:03:18","date_gmt":"2026-01-23T18:03:18","guid":{"rendered":"https:\/\/rdnews.al\/?p=134294"},"modified":"2026-01-23T18:03:18","modified_gmt":"2026-01-23T18:03:18","slug":"berisha-dje-ishte-dita-me-e-turpshme-ne-historine-e-kushtetutes-tani-cdo-gje-duhet-te-perfundoje-tek-kembet-e-belindes","status":"publish","type":"post","link":"https:\/\/rdnews.al\/index.php\/2026\/01\/23\/berisha-dje-ishte-dita-me-e-turpshme-ne-historine-e-kushtetutes-tani-cdo-gje-duhet-te-perfundoje-tek-kembet-e-belindes\/","title":{"rendered":"Berisha: Dje ishte dita m\u00eb e turpshme n\u00eb historin\u00eb e Kushtetut\u00ebs, tani \u00e7do gj\u00eb duhet t\u00eb p\u00ebrfundoj\u00eb tek k\u00ebmb\u00ebt e Belind\u00ebs"},"content":{"rendered":"<p>Kryetari i PD, Sali Berisha duke folur n\u00eb \u2018Foltoren\u2019 me t\u00eb rinjt\u00eb e t\u00eb rejat e FRPD- tha se, dita e djeshme ishte m\u00eb e turpshmja n\u00eb historin\u00eb e vendeve.<\/p>\n<p>Sipas tij, \u2018dit\u00eb m\u00eb t\u00eb turpshme n\u00eb historin\u00eb e ligjit dhe t\u00eb Kushtetut\u00ebs n\u00eb bot\u00eb nuk ka. Kur nj\u00eb prokuror, n\u00eb em\u00ebr t\u00eb ligjit, ka vendosur t\u00eb th\u00ebrras\u00eb para ligjit, n\u00eb hetuesi, ta pezulloj\u00eb z\u00ebvend\u00ebskryeministren mbi baz\u00ebn e nj\u00eb mij\u00eb fakteve, mbi baz\u00ebn e vjedhjeve t\u00eb pafundme, p\u00ebr t\u2019u p\u00ebrgjigjur para ligjit.<\/p>\n<p><strong>Berisha: <\/strong>S\u00eb pari, nj\u00eb p\u00ebrsh\u00ebndetje shum\u00eb t\u00eb p\u00ebrzem\u00ebrt ju, t\u00eb rinjve, t\u00eb rejave, bashk\u00ebmoshatar\u00ebve tuaj t\u00eb Forumit Rinor, miqve, shok\u00ebve, shoqeve q\u00eb keni, n\u00eb shkoll\u00eb, jasht\u00eb shkolle, kudo q\u00eb jeni.<\/p>\n<p>Takimi me t\u00eb rinjt\u00eb \u00ebsht\u00eb natyrisht takimi m\u00eb cil\u00ebsor, takimi m\u00eb i r\u00ebnd\u00ebsish\u00ebm.<\/p>\n<p>Edhe ky takim sot \u00ebsht\u00eb p\u00ebr mua takimi m\u00eb i r\u00ebnd\u00ebsish\u00ebm sepse takohemi bashk\u00eb v\u00ebrtet n\u00eb nj\u00eb moment jasht\u00ebzakonisht kritik p\u00ebr vendin.<\/p>\n<p>Takohemi n\u00eb nj\u00eb moment kur diktatura autokratike, e cila \u00ebsht\u00eb nj\u00eb diktatur\u00eb q\u00eb pranon pluralizmin, por e shtyp pluralizmin me t\u00eb gjitha mjetet.<\/p>\n<p>Por sot ne ndodhemi n\u00eb qeverisjen e nj\u00eb personi, i cili p\u00ebr hir t\u00eb s\u00eb v\u00ebrtet\u00ebs, ndan me et\u00ebrit e tij biologjik\u00eb psikologjin\u00eb m\u00eb mjerane, psikologjin\u00eb m\u00eb t\u00eb keqe t\u00eb njeriut.<\/p>\n<p>Ndan me et\u00ebrit e tij biologjik\u00eb armiq\u00ebsin\u00eb e eg\u00ebr me kund\u00ebrshtarin dhe p\u00ebrdorimin e \u00e7do mjeti kund\u00ebr tij, faktikisht kund\u00ebr pluralizmit.<\/p>\n<p>Sot, n\u00eb qoft\u00eb se i ati i atij, n\u00eb at\u00eb diktatur\u00ebn totalitare, n\u00eb t\u00eb cil\u00ebn Kushtetuta e ndalonte mendimin ndryshe dhe disentin, firmoste varjen n\u00eb litar t\u00eb kund\u00ebrshtar\u00ebve politik\u00eb sepse thurnin vargje p\u00ebr lirin\u00eb, p\u00ebr Kosov\u00ebn apo p\u00ebr t\u00eb drejtat e njeriut, sot bastardi i tyre, pasardh\u00ebsi i tyre me em\u00ebr Edi Rama, burgos n\u00eb vit elektoral kryetar\u00ebt e partive politike n\u00eb m\u00ebnyr\u00eb q\u00eb t\u00eb marr\u00eb me \u00e7do kusht mandatin.<\/p>\n<p>Sot, n\u00eb k\u00ebt\u00eb diktatur\u00eb, nj\u00eblloj si n\u00eb t\u00eb par\u00ebn, t\u00eb gjitha pushtetet p\u00ebrqendrohen n\u00eb nj\u00eb dor\u00eb.<\/p>\n<p>Dhe ju e pat\u00eb, ju ftoj t\u00eb mos e harroni kurr\u00eb dit\u00ebn e djeshme, nj\u00eb dit\u00eb, u garantoj un\u00eb, e pashembullt n\u00eb historin\u00eb e nj\u00eb shteti, dit\u00eb n\u00eb t\u00eb cil\u00ebn kreu i shtetit, kryeministri, kryetari i parlamentit p\u00ebrballeshin me nj\u00eb prokuror q\u00eb b\u00ebnte ligjin, q\u00eb donte ligjin, q\u00eb donte t\u00eb zbatonte ligjin.<\/p>\n<p>Nuk kisha par\u00eb skena m\u00eb trondit\u00ebse.<\/p>\n<p>Dit\u00eb m\u00eb t\u00eb turpshme n\u00eb historin\u00eb e ligjit dhe t\u00eb Kushtetut\u00ebs n\u00eb bot\u00eb nuk ka.<\/p>\n<p>Kur nj\u00eb prokuror, n\u00eb em\u00ebr t\u00eb ligjit, ka vendosur t\u00eb th\u00ebrras\u00eb para ligjit, n\u00eb hetuesi, ta pezulloj\u00eb z\u00ebvend\u00ebskryeministren mbi baz\u00ebn e nj\u00eb mij\u00eb fakteve, mbi baz\u00ebn e vjedhjeve t\u00eb pafundme, p\u00ebr t\u2019u p\u00ebrgjigjur para ligjit.<\/p>\n<p>Por meqen\u00ebse aty ku \u00ebsht\u00eb emri Belinda, si\u00e7 e keni marr\u00eb vesh ju, \u00ebsht\u00eb emri Edi Rama, tani \u00e7do gj\u00eb duhet t\u00eb p\u00ebrfundoj\u00eb tek k\u00ebmb\u00ebt e saj, tek k\u00ebpuc\u00ebt e saj.<\/p>\n<p>Nuk kishte sken\u00eb m\u00eb t\u00eb pashembullt kur dilnin nj\u00ebri pas tjetrit p\u00ebrfaq\u00ebsuesi i kryeministrit, i presidentit, i parlamentit dhe \u00e7far\u00eb thoshin?<\/p>\n<p>P\u00ebrball\u00eb ligjit, p\u00ebrball\u00eb Kushtetut\u00ebs, p\u00ebrball\u00eb kodit, zero, p\u00ebrvecse moralin e hajdutit.<\/p>\n<p>Por \u00e7far\u00eb hajduti?<\/p>\n<p>Hajduti q\u00eb ka vjedhur miliarda.<\/p>\n<p>Edi Rama. Se aty \u00ebsht\u00eb Edi Rama.<\/p>\n<p>Pse u ndala n\u00eb k\u00ebt\u00eb shembull?<\/p>\n<p>Jo, \u00ebsht\u00eb shum\u00eb e r\u00ebnd\u00ebsishme q\u00eb ju ta kuptoni se pa ndarje t\u00eb pushteteve, nuk ka kurr\u00eb asnj\u00eb sistem tjet\u00ebr ve\u00e7se diktatur\u00eb.<\/p>\n","protected":false},"excerpt":{"rendered":"<p>Kryetari i PD, Sali Berisha duke folur n\u00eb \u2018Foltoren\u2019 me t\u00eb rinjt\u00eb e t\u00eb rejat e FRPD- tha se, dita e djeshme ishte m\u00eb e turpshmja n\u00eb historin\u00eb e vendeve. Sipas tij, \u2018dit\u00eb m\u00eb t\u00eb turpshme n\u00eb historin\u00eb e ligjit dhe t\u00eb Kushtetut\u00ebs n\u00eb bot\u00eb nuk ka. Kur nj\u00eb prokuror, n\u00eb em\u00ebr t\u00eb ligjit, ka &hellip;<\/p>\n","protected":false},"author":4,"featured_media":134295,"comment_status":"closed","ping_status":"closed","sticky":false,"template":"","format":"standard","meta":{"footnotes":""},"categories":[37],"tags":[],"class_list":["post-134294","post","type-post","status-publish","format-standard","has-post-thumbnail","","category-politike"],"_links":{"self":[{"href":"https:\/\/rdnews.al\/index.php\/wp-json\/wp\/v2\/posts\/134294","targetHints":{"allow":["GET"]}}],"collection":[{"href":"https:\/\/rdnews.al\/index.php\/wp-json\/wp\/v2\/posts"}],"about":[{"href":"https:\/\/rdnews.al\/index.php\/wp-json\/wp\/v2\/types\/post"}],"author":[{"embeddable":true,"href":"https:\/\/rdnews.al\/index.php\/wp-json\/wp\/v2\/users\/4"}],"replies":[{"embeddable":true,"href":"https:\/\/rdnews.al\/index.php\/wp-json\/wp\/v2\/comments?post=134294"}],"version-history":[{"count":1,"href":"https:\/\/rdnews.al\/index.php\/wp-json\/wp\/v2\/posts\/134294\/revisions"}],"predecessor-version":[{"id":134296,"href":"https:\/\/rdnews.al\/index.php\/wp-json\/wp\/v2\/posts\/134294\/revisions\/134296"}],"wp:featuredmedia":[{"embeddable":true,"href":"https:\/\/rdnews.al\/index.php\/wp-json\/wp\/v2\/media\/134295"}],"wp:attachment":[{"href":"https:\/\/rdnews.al\/index.php\/wp-json\/wp\/v2\/media?parent=134294"}],"wp:term":[{"taxonomy":"category","embeddable":true,"href":"https:\/\/rdnews.al\/index.php\/wp-json\/wp\/v2\/categories?post=134294"},{"taxonomy":"post_tag","embeddable":true,"href":"https:\/\/rdnews.al\/index.php\/wp-json\/wp\/v2\/tags?post=134294"}],"curies":[{"name":"wp","href":"https:\/\/api.w.org\/{rel}","templated":true}]}}