{"id":134297,"date":"2026-01-23T18:07:38","date_gmt":"2026-01-23T18:07:38","guid":{"rendered":"https:\/\/rdnews.al\/?p=134297"},"modified":"2026-01-23T18:07:38","modified_gmt":"2026-01-23T18:07:38","slug":"berisha-kombi-nuk-ka-pasur-ndonjehere-armik-me-te-eger-se-sa-edi-rama","status":"publish","type":"post","link":"https:\/\/rdnews.al\/index.php\/2026\/01\/23\/berisha-kombi-nuk-ka-pasur-ndonjehere-armik-me-te-eger-se-sa-edi-rama\/","title":{"rendered":"Berisha: Kombi nuk ka pasur ndonj\u00ebher\u00eb armik m\u00eb t\u00eb eg\u00ebr se sa Edi Rama!"},"content":{"rendered":"<p>Kryetari i PD, Sali Berisha gjat\u00eb fjal\u00ebs s\u00eb tij me t\u00eb rinjt\u00eb e Forumit Rinor tha se, Kombi nuk ka pasur ndonj\u00ebher\u00eb armik m\u00eb t\u00eb eg\u00ebr se sa Edi Rama. Ai tha se, Shqip\u00ebria sot \u00ebsht\u00eb n\u00eb rrezik zhdukje si komb, p\u00ebr shkak t\u00eb politikave shkat\u00ebrruese t\u00eb qeveris\u00eb ndaj popullit.<\/p>\n<p>Berisha theksoi se, nuk ka pasur kombi ndonj\u00ebher\u00eb n\u00eb histori nj\u00eb armik m\u00eb t\u00eb eg\u00ebr t\u00eb ekzistenc\u00ebs s\u00eb tij se sa Edi Rama, shum\u00eb m\u00eb tep\u00ebr se Enver Hoxha.<\/p>\n<p><strong>Berisha: <\/strong>Miq, prokuror\u00eb, gjykat\u00ebs, b\u00ebjn\u00eb gabime, kan\u00eb tendenca politike, jan\u00eb politik\u00eb, kur sulmojn\u00eb si politik\u00eb, duhet t\u2019ua kthesh.<\/p>\n<p>Kjo ndodh k\u00ebtu, kjo ndodh edhe n\u00eb SHBA.<\/p>\n<p>Edhe aty ka ndodhur, edhe aty prokurori trillonte p\u00ebr kandidatin p\u00ebr president n\u00eb m\u00ebnyr\u00ebn m\u00eb monstruoze. Por asnj\u00ebher\u00eb ai nuk b\u00ebri m\u00ebdysh fjal\u00ebn e tij, u paraqit sa her\u00eb e k\u00ebrkuan.<\/p>\n<p>Se ky \u00ebsht\u00eb rregulli.<\/p>\n<p>Rregulli \u00ebsht\u00eb q\u00eb duhet t\u2019i q\u00ebndrosh ligjit, duhet t\u00eb zbatosh ligjin.<\/p>\n<p>Se ti je p\u00ebr shtetin ligjor, je p\u00ebr Kushtetut\u00ebn.<\/p>\n<p>Sepse Kushtetuta \u00ebsht\u00eb shtyll\u00eb ligjore e garancis\u00eb s\u00eb demokracis\u00eb.<\/p>\n<p>Kurse k\u00ebta rreshtoheshin n\u00eb nj\u00eb m\u00ebnyr\u00eb t\u00eb paimagjinueshme p\u00ebr t\u00eb mbrojtur nj\u00eb hajdute, e cila u them ju, n\u00eb m\u00ebnyr\u00eb absolute n\u00eb \u00e7do tender ka firm\u00ebn dhe dor\u00ebn e saj t\u00eb zez\u00eb, q\u00eb shkon jo n\u00eb qindra milion\u00eb, por n\u00eb miliarda euro p\u00ebr vete dhe Edi Ram\u00ebn.<\/p>\n<p>Pra, ju mblidheni sot k\u00ebtu n\u00eb nj\u00eb koh\u00eb kur vet\u00ebm n\u00eb hap\u00ebsir\u00ebn Shengen jan\u00eb larguar mbi 700 mij\u00eb t\u00eb rinj shqiptar\u00eb.<\/p>\n<p>Ju mblidheni sot k\u00ebtu n\u00eb nj\u00eb koh\u00eb kur ne si komb jemi n\u00eb k\u00ebrc\u00ebnim absolut ekzistencial.<\/p>\n<p>Po, ju jeni tani njer\u00ebz t\u00eb dijes.<\/p>\n<p>Kombi ka disa tregues demografik\u00eb. Ato jan\u00eb themelor\u00eb p\u00ebr t\u00eb ardhmen e tij.<\/p>\n<p>Ato tregues, po t\u00eb ecin me k\u00ebt\u00eb trend, pas 50 vitesh, shqiptar\u00ebt i konsiderojn\u00eb komb t\u00eb fshir\u00eb.<\/p>\n<p>Sepse ne sot e kemi lindshm\u00ebrin\u00eb q\u00eb kemi pasur 100 vite m\u00eb par\u00eb kur ishim 700 mij\u00eb banor\u00eb.<\/p>\n<p>Sot ne kemi treguesin e lindshm\u00ebris\u00eb m\u00eb t\u00eb ul\u00ebtin n\u00eb bot\u00eb.<\/p>\n<p>Sot, nga viti 2018 gjer sot, ne kemi mij\u00ebra vdekje n\u00eb vit m\u00eb shum\u00eb se sa lindje.<\/p>\n<p>A e shihni ju se ku e katandisi ky?<\/p>\n<p>N\u00eb nj\u00eb koh\u00eb q\u00eb gjer n\u00eb vitin 2014, numri i shqiptar\u00ebve n\u00eb Shqip\u00ebri vet\u00ebm rritej.<\/p>\n<p>Pse?<\/p>\n<p>Nj\u00eb faktor themelor. Vet\u00ebm nj\u00eb. Sepse ju, bashk\u00ebmoshatar\u00ebt tuaj vendosnit, besonit se \u00ebndrr\u00ebn tuaj mund ta nd\u00ebrtoni n\u00eb vendin tuaj. Kaq. Asgj\u00eb tjet\u00ebr nuk kishte.<\/p>\n<p>Por kishte nj\u00eb mjedis, kishte nj\u00eb alternativ\u00eb, kishte nj\u00eb seri rrethanash t\u00eb cil\u00ebve bashk\u00ebmoshatar\u00ebve tuaj u jepnin shpres\u00eb, u jepnin besim, se ata mund t\u00eb shkolloheshin, se ata mund t\u00eb pun\u00ebsoheshin, se ata mund t\u00eb nd\u00ebrtonin folen\u00eb e tyre, mund t\u00eb kishin sht\u00ebpin\u00eb.<\/p>\n<p>Kurse sot imagjinoni \u00e7far\u00eb largimi t\u00eb tmerrsh\u00ebm masiv.<\/p>\n<p>Nuk ka pasur kombi ndonj\u00ebher\u00eb n\u00eb histori nj\u00eb armik m\u00eb t\u00eb eg\u00ebr t\u00eb ekzistenc\u00ebs s\u00eb tij se sa Edi Rama.<\/p>\n<p>Shum\u00eb m\u00eb tep\u00ebr se Enver Hoxha.<\/p>\n<p>Enver Hoxha ishte gjak\u00ebsor.<\/p>\n<p>Ishte mizor n\u00eb t\u00eb drejtat e njeriut.<\/p>\n<p>Por nuk mund t\u00eb themi se ai dhe klika q\u00eb e rrethonte vodhi shqiptar\u00ebt si\u00e7 vjedhin k\u00ebta sot.<\/p>\n<p>Jo, jo, jo harrojeni k\u00ebt\u00eb.<\/p>\n<p>Ata kishin paranojat e tyre, por k\u00ebta vjedhin n\u00eb m\u00ebnyr\u00eb t\u00eb paimagjinueshme.<\/p>\n<p>Shkoni, gjeni djeg\u00ebsin e Tiran\u00ebs. 130 milion\u00eb euro ka vjedhur Edi Rama me Erion Veliajn.<\/p>\n","protected":false},"excerpt":{"rendered":"<p>Kryetari i PD, Sali Berisha gjat\u00eb fjal\u00ebs s\u00eb tij me t\u00eb rinjt\u00eb e Forumit Rinor tha se, Kombi nuk ka pasur ndonj\u00ebher\u00eb armik m\u00eb t\u00eb eg\u00ebr se sa Edi Rama. Ai tha se, Shqip\u00ebria sot \u00ebsht\u00eb n\u00eb rrezik zhdukje si komb, p\u00ebr shkak t\u00eb politikave shkat\u00ebrruese t\u00eb qeveris\u00eb ndaj popullit. Berisha theksoi se, nuk ka &hellip;<\/p>\n","protected":false},"author":4,"featured_media":134298,"comment_status":"closed","ping_status":"closed","sticky":false,"template":"","format":"standard","meta":{"footnotes":""},"categories":[37],"tags":[],"class_list":["post-134297","post","type-post","status-publish","format-standard","has-post-thumbnail","","category-politike"],"_links":{"self":[{"href":"https:\/\/rdnews.al\/index.php\/wp-json\/wp\/v2\/posts\/134297","targetHints":{"allow":["GET"]}}],"collection":[{"href":"https:\/\/rdnews.al\/index.php\/wp-json\/wp\/v2\/posts"}],"about":[{"href":"https:\/\/rdnews.al\/index.php\/wp-json\/wp\/v2\/types\/post"}],"author":[{"embeddable":true,"href":"https:\/\/rdnews.al\/index.php\/wp-json\/wp\/v2\/users\/4"}],"replies":[{"embeddable":true,"href":"https:\/\/rdnews.al\/index.php\/wp-json\/wp\/v2\/comments?post=134297"}],"version-history":[{"count":1,"href":"https:\/\/rdnews.al\/index.php\/wp-json\/wp\/v2\/posts\/134297\/revisions"}],"predecessor-version":[{"id":134299,"href":"https:\/\/rdnews.al\/index.php\/wp-json\/wp\/v2\/posts\/134297\/revisions\/134299"}],"wp:featuredmedia":[{"embeddable":true,"href":"https:\/\/rdnews.al\/index.php\/wp-json\/wp\/v2\/media\/134298"}],"wp:attachment":[{"href":"https:\/\/rdnews.al\/index.php\/wp-json\/wp\/v2\/media?parent=134297"}],"wp:term":[{"taxonomy":"category","embeddable":true,"href":"https:\/\/rdnews.al\/index.php\/wp-json\/wp\/v2\/categories?post=134297"},{"taxonomy":"post_tag","embeddable":true,"href":"https:\/\/rdnews.al\/index.php\/wp-json\/wp\/v2\/tags?post=134297"}],"curies":[{"name":"wp","href":"https:\/\/api.w.org\/{rel}","templated":true}]}}