{"id":134300,"date":"2026-01-23T18:12:30","date_gmt":"2026-01-23T18:12:30","guid":{"rendered":"https:\/\/rdnews.al\/?p=134300"},"modified":"2026-01-23T18:12:30","modified_gmt":"2026-01-23T18:12:30","slug":"berisha-edi-rama-riktheu-standardet-e-diktatures-komuniste-per-universitetet","status":"publish","type":"post","link":"https:\/\/rdnews.al\/index.php\/2026\/01\/23\/berisha-edi-rama-riktheu-standardet-e-diktatures-komuniste-per-universitetet\/","title":{"rendered":"Berisha: Edi Rama riktheu standardet e diktatur\u00ebs komuniste p\u00ebr universitetet!"},"content":{"rendered":"<p>Lideri i opozit\u00ebs, Sali Berisha gjat\u00eb fjal\u00ebs s\u00eb mbajtur me t\u00eb rinjt\u00eb e PD tha se, Edi Rama riktheu standardet e diktatur\u00ebs komuniste p\u00ebr universitetet, ju paguani tarifat m\u00eb t\u00eb larta p\u00ebr shkollimin.<\/p>\n<p>Berisha tha se, t\u00eb rinjt\u00eb sot duhet t\u00eb marrin rrug\u00ebt e dheut dhe n\u00eb shpin\u00eb, n\u00eb nj\u00eb qese, duhet t\u00eb marrin edhe \u00ebndrr\u00ebn e tyre n\u00eb rrug\u00ebt e Europ\u00ebs, n\u00eb rrug\u00ebt e bot\u00ebs, sepse n\u00eb Shqip\u00ebri nuk e nd\u00ebrtojn\u00eb dot \u00ebndrr\u00ebn. Nuk e nd\u00ebrtojn\u00eb sepse ky riktheu standardet e ish-diktatur\u00ebs komuniste n\u00eb pranimet n\u00eb universitete.<\/p>\n<p><strong>Berisha: <\/strong>D\u00ebgjoni p\u00ebr AKSHI-n.<\/p>\n<p>\u00c7far\u00eb ndodh n\u00eb AKSHI?<\/p>\n<p>N\u00eb AKSHI \u00ebsht\u00eb baxhanaku i Edi Ram\u00ebs, Armand Frangu, e kemi denoncuar me dhjet\u00ebra her\u00eb.<\/p>\n<p>Aty, \u00e7do tender duhet ta fitonte ky, n\u00eb nj\u00eb koh\u00eb kur kishte nj\u00eb kapacitet sip\u00ebrmarr\u00ebs shum\u00eb modest.<\/p>\n<p>Tani ky nuk mjaftohej me tenderat q\u00eb fitonte vet\u00eb, por merrte edhe prestanome dhe futej vet\u00eb i treti n\u00eb tender, por ishte vet\u00ebm nj\u00eb, ishte Frangu.<\/p>\n<p>Dhe n\u00eb qoft\u00eb se dilte ndonj\u00eb i v\u00ebrtet\u00eb, ai merrej peng.<\/p>\n<p>A mund t\u00eb imagjinoni ju nj\u00eb sip\u00ebrmarrje shtet\u00ebrore, se ajo \u00ebsht\u00eb agjenci shtet\u00ebrore, t\u00eb marr\u00eb peng biznesmen\u00eb pse guxojn\u00eb t\u00eb paraqiten n\u00eb tendera si\u00e7 \u00ebsht\u00eb ligji, sic \u00ebsht\u00eb rregulli, si\u00e7 \u00ebsht\u00eb gara?<\/p>\n<p>Dhe kjo ndodh n\u00eb kopshtin privat t\u00eb Edi Ram\u00ebs.<\/p>\n<p>Dhe pasi ndodh kjo, pasi dokumentohet gjith\u00e7ka para t\u00eb huajve, sepse nj\u00eb nga k\u00ebto pengje k\u00ebrkoi mbrojtje n\u00eb nj\u00eb shtet t\u00eb huaj dhe ata i dhan\u00eb, i jemi mir\u00ebnjoh\u00ebs.<\/p>\n<p>Edi Rama thot\u00eb se ka respektin maksimal p\u00ebr Mirlind\u00ebn, po pse e ka k\u00ebt\u00eb respekt? Se \u00ebsht\u00eb Linda, \u00ebsht\u00eb e shoqja.<\/p>\n<p>Nuk ndodh kund kjo.<\/p>\n<p>At\u00ebher\u00eb, ku jan\u00eb t\u00eb rinjt\u00eb sot?<\/p>\n<p>T\u00eb rinjt\u00eb sot duhet t\u00eb marrin rrug\u00ebt e dheut dhe n\u00eb shpin\u00eb, n\u00eb nj\u00eb qese, duhet t\u00eb marrin edhe \u00ebndrr\u00ebn e tyre n\u00eb rrug\u00ebt e Europ\u00ebs, n\u00eb rrug\u00ebt e bot\u00ebs, sepse n\u00eb Shqip\u00ebri nuk e nd\u00ebrtojn\u00eb dot \u00ebndrr\u00ebn.<\/p>\n<p>Nuk e nd\u00ebrtojn\u00eb sepse ky riktheu standardet e ish-diktatur\u00ebs komuniste n\u00eb pranimet n\u00eb universitete.<\/p>\n<p>Riktheu si sat\u00ebr mesataren, t\u00eb cil\u00ebn nuk e kan\u00eb vendet e lira.<\/p>\n<p>Ky riktheu tarifat. A e dini ju se paguani 4-5 her\u00eb m\u00eb shum\u00eb se studenti gjerman p\u00ebr universitetin?<\/p>\n<p>A e dini se po t\u00eb shkoni n\u00eb Austri, ju paguheni n\u00eb vit 3 ose 400 euro, kurse austriaku paguan 100 euro.<\/p>\n<p>Kjo sepse ka shteti detyrim q\u00eb t\u2019u shkolloj\u00eb ju.<\/p>\n<p>Kurse ky vendos k\u00ebtu, me rrogat m\u00eb t\u00eb ul\u00ebta, tarifa t\u00eb cilat nuk i lejojn\u00eb 49 p\u00ebrqind t\u00eb familjeve q\u00eb t\u00eb shkollojn\u00eb m\u00eb shum\u00eb se nj\u00eb f\u00ebmij\u00eb. Edhe at\u00eb me shum\u00eb sakrifica.<\/p>\n<p>Po pse?<\/p>\n<p>Pse u p\u00ebrmbys, pse ishte krejt e kund\u00ebrta para vitit 2013?<\/p>\n<p>Kishte para m\u00eb shum\u00eb?<\/p>\n<p>Jo, ne nuk kishim para m\u00eb shum\u00eb. Ne jemi para e taksave t\u00eb ul\u00ebta, ne kishim gjysm\u00ebn e k\u00ebtyre taksave. Por kishim nj\u00eb politik\u00eb ne, q\u00eb t\u00eb rinjt\u00eb duhet t\u00eb shkollohen. E gjet\u00ebm vendin me 12 student\u00eb p\u00ebr 1 mij\u00eb banor\u00eb, arrit\u00ebm n\u00eb 52 student\u00eb p\u00ebr 1 mij\u00eb banor\u00eb.<\/p>\n<p>Sepse ishim shum\u00eb mbrapa.<\/p>\n<p>Dhe ky u kthye p\u00ebrs\u00ebri. Politik\u00eb armiq\u00ebsore.<\/p>\n","protected":false},"excerpt":{"rendered":"<p>Lideri i opozit\u00ebs, Sali Berisha gjat\u00eb fjal\u00ebs s\u00eb mbajtur me t\u00eb rinjt\u00eb e PD tha se, Edi Rama riktheu standardet e diktatur\u00ebs komuniste p\u00ebr universitetet, ju paguani tarifat m\u00eb t\u00eb larta p\u00ebr shkollimin. Berisha tha se, t\u00eb rinjt\u00eb sot duhet t\u00eb marrin rrug\u00ebt e dheut dhe n\u00eb shpin\u00eb, n\u00eb nj\u00eb qese, duhet t\u00eb marrin edhe &hellip;<\/p>\n","protected":false},"author":4,"featured_media":134301,"comment_status":"closed","ping_status":"closed","sticky":false,"template":"","format":"standard","meta":{"footnotes":""},"categories":[37],"tags":[],"class_list":["post-134300","post","type-post","status-publish","format-standard","has-post-thumbnail","","category-politike"],"_links":{"self":[{"href":"https:\/\/rdnews.al\/index.php\/wp-json\/wp\/v2\/posts\/134300","targetHints":{"allow":["GET"]}}],"collection":[{"href":"https:\/\/rdnews.al\/index.php\/wp-json\/wp\/v2\/posts"}],"about":[{"href":"https:\/\/rdnews.al\/index.php\/wp-json\/wp\/v2\/types\/post"}],"author":[{"embeddable":true,"href":"https:\/\/rdnews.al\/index.php\/wp-json\/wp\/v2\/users\/4"}],"replies":[{"embeddable":true,"href":"https:\/\/rdnews.al\/index.php\/wp-json\/wp\/v2\/comments?post=134300"}],"version-history":[{"count":1,"href":"https:\/\/rdnews.al\/index.php\/wp-json\/wp\/v2\/posts\/134300\/revisions"}],"predecessor-version":[{"id":134302,"href":"https:\/\/rdnews.al\/index.php\/wp-json\/wp\/v2\/posts\/134300\/revisions\/134302"}],"wp:featuredmedia":[{"embeddable":true,"href":"https:\/\/rdnews.al\/index.php\/wp-json\/wp\/v2\/media\/134301"}],"wp:attachment":[{"href":"https:\/\/rdnews.al\/index.php\/wp-json\/wp\/v2\/media?parent=134300"}],"wp:term":[{"taxonomy":"category","embeddable":true,"href":"https:\/\/rdnews.al\/index.php\/wp-json\/wp\/v2\/categories?post=134300"},{"taxonomy":"post_tag","embeddable":true,"href":"https:\/\/rdnews.al\/index.php\/wp-json\/wp\/v2\/tags?post=134300"}],"curies":[{"name":"wp","href":"https:\/\/api.w.org\/{rel}","templated":true}]}}