{"id":134306,"date":"2026-01-23T18:23:14","date_gmt":"2026-01-23T18:23:14","guid":{"rendered":"https:\/\/rdnews.al\/?p=134306"},"modified":"2026-01-23T18:23:29","modified_gmt":"2026-01-23T18:23:29","slug":"sot-1-mije-arsye-per-te-protestuar-alolli-260-milione-euro-per-asfaltin-elektoralo-propagandistik","status":"publish","type":"post","link":"https:\/\/rdnews.al\/index.php\/2026\/01\/23\/sot-1-mije-arsye-per-te-protestuar-alolli-260-milione-euro-per-asfaltin-elektoralo-propagandistik\/","title":{"rendered":"1 mij\u00eb arsye p\u00ebr t\u00eb protestuar\/ Alolli: 260 Milion\u00eb Euro p\u00ebr &#8220;asfaltin elektoralo-propagandistik\u201d!"},"content":{"rendered":"<p>Deputetja e PD, Ledina Alolli denoncon skandalin e aksit Quk\u00ebs\u2013Qaf\u00eb Pllo\u00e7\u00eb si simbol korrupsioni dhe d\u00ebshtimi qeveritar.<\/p>\n<p>Ajo thot\u00eb se \u00e7arja e asfaltit pas shirave d\u00ebshmon nd\u00ebrtim pa standarde dhe rrezik p\u00ebr qytetar\u00ebt, duke k\u00ebrkuar verifikim urgjent, transparenc\u00eb dhe p\u00ebrgjegj\u00ebsi. Alolli fton qytetar\u00ebt n\u00eb protest\u00ebn e nes\u00ebrme para Kryeministris\u00eb, ora 17:00.<\/p>\n<p><strong>Reagimi <\/strong><\/p>\n<p>\u201c260 Milion\u00eb Euro p\u00ebr &#8220;asfaltin elektoralo-propagandistik\u201d<\/p>\n<p>Aksi rrugor Quk\u00ebs-Qaf\u00eb Pllo\u00e7\u00eb \u00ebsht\u00eb kthyer sot n\u00eb simbolin m\u00eb t\u00eb qart\u00eb t\u00eb d\u00ebshtimit qeveritar dhe t\u00eb abuzimit me fondet publike. Prej jav\u00ebsh kemi denoncuar publikisht problematikat e r\u00ebnda q\u00eb u shfaq\u00ebn menj\u00ebher\u00eb pas reshjeve t\u00eb shiut, kur rr\u00ebshqitjet masive t\u00eb dherave e b\u00ebn\u00eb k\u00ebt\u00eb segment t\u00eb pap\u00ebrshkruesh\u00ebm, duke e kthyer n\u00eb nj\u00eb rrezik p\u00ebr jet\u00ebn e qytetar\u00ebve.<\/p>\n<p>Paralajm\u00ebrimet tona si zakonisht u injoruan, megjith\u00ebse nga \u201cQaf\u00eb Pllo\u00e7a e korrupsionit\u201d, tek Kuvendi i Shqip\u00ebris\u00eb kemi ngritur z\u00ebrin dhe kemi b\u00ebr\u00eb thirrje q\u00eb autoritetet t\u00eb marrin masa p\u00ebr t\u00eb rehabilituar rrug\u00ebn dhe p\u00ebr t\u00eb mos lejuar q\u00eb kjo rrug\u00eb t\u00eb kthehej n\u00eb rrezik p\u00ebr jet\u00ebn e qytetar\u00ebve.<\/p>\n<p>Sot ishte moment tjet\u00ebr i rr\u00ebzimit t\u00eb \u201csuvatimit propagandistik\u201d, asfalti elektoral tek loti i dyt\u00eb i rrug\u00ebs \u00ebsht\u00eb \u00e7ar\u00eb n\u00eb af\u00ebrsi t\u00eb kthes\u00ebs s\u00eb fshatit Trebinj\u00eb, duke v\u00ebrtetuar se d\u00ebmtimet nuk ishin rast\u00ebsi, por p\u00ebrgjigja p\u00ebr nj\u00eb afer\u00eb madhore korruptive q\u00eb ka sjell\u00eb nj\u00eb nd\u00ebrtim pa standarde, pa kontroll dhe pa p\u00ebrgjegj\u00ebsi.<\/p>\n<p>Kjo \u00ebsht\u00eb\u00a0 \u201crrug\u00eb e propagandas dhe korrupsionit qeveritar\u201d, e inauguruar me buj\u00eb, por q\u00eb nuk i reziston as dy dit\u00ebve shiu.<\/p>\n<p>Nj\u00eb investim prej 260 milion\u00eb eurosh p\u00ebr vet\u00ebm 43 kilometra, p\u00ebrve\u00e7 se \u00ebsht\u00eb nj\u00eb nga aferat m\u00eb t\u00eb m\u00ebdhaja korruptive t\u00eb k\u00ebsaj qeverie, \u00ebsht\u00eb kthyer n\u00eb nj\u00eb rrezik permanent t\u00eb drejtp\u00ebrdrejt\u00eb p\u00ebr jet\u00ebn e qytetar\u00ebve. Ky projekt nuk \u00ebsht\u00eb m\u00eb \u00e7\u00ebshtje politike, \u00ebsht\u00eb \u00e7\u00ebshtje sigurie publike dhe p\u00ebrgjegj\u00ebsie institucionale. K\u00ebrkoj menj\u00ebher\u00eb verifikim teknik urgjent, transparenc\u00eb t\u00eb plot\u00eb p\u00ebr kontrat\u00ebn dhe zbatimin e saj, si dhe p\u00ebrgjegj\u00ebsi ligjore e politike p\u00ebr \u00e7do abuzim me fondet publike.<\/p>\n<p>Faktet jan\u00eb mes asfaltit t\u00eb \u00e7ar\u00eb dhe shk\u00ebmbinjve t\u00eb rr\u00ebzuar, ato d\u00ebshmojn\u00eb se kjo qeveri ka zgjedhur propagand\u00ebn mbi sigurin\u00eb, korrupsionin mbi interesin publik dhe paaft\u00ebsin\u00eb mbi p\u00ebrgjegj\u00ebsin\u00eb.<\/p>\n<p>P\u00cbR K\u00cbT\u00cb DHE 1 MIJ\u00cb ARSYE T\u00cb TJERA, BASHKOHUNI NES\u00cbR N\u00cb PROTEST\u00cbN PARA KRYEMINISTRIS\u00cb, ORA 17:00!<\/p>\n","protected":false},"excerpt":{"rendered":"<p>Deputetja e PD, Ledina Alolli denoncon skandalin e aksit Quk\u00ebs\u2013Qaf\u00eb Pllo\u00e7\u00eb si simbol korrupsioni dhe d\u00ebshtimi qeveritar. Ajo thot\u00eb se \u00e7arja e asfaltit pas shirave d\u00ebshmon nd\u00ebrtim pa standarde dhe rrezik p\u00ebr qytetar\u00ebt, duke k\u00ebrkuar verifikim urgjent, transparenc\u00eb dhe p\u00ebrgjegj\u00ebsi. Alolli fton qytetar\u00ebt n\u00eb protest\u00ebn e nes\u00ebrme para Kryeministris\u00eb, ora 17:00. Reagimi \u201c260 Milion\u00eb Euro &hellip;<\/p>\n","protected":false},"author":4,"featured_media":42760,"comment_status":"closed","ping_status":"closed","sticky":false,"template":"","format":"standard","meta":{"footnotes":""},"categories":[37],"tags":[],"class_list":["post-134306","post","type-post","status-publish","format-standard","has-post-thumbnail","","category-politike"],"_links":{"self":[{"href":"https:\/\/rdnews.al\/index.php\/wp-json\/wp\/v2\/posts\/134306","targetHints":{"allow":["GET"]}}],"collection":[{"href":"https:\/\/rdnews.al\/index.php\/wp-json\/wp\/v2\/posts"}],"about":[{"href":"https:\/\/rdnews.al\/index.php\/wp-json\/wp\/v2\/types\/post"}],"author":[{"embeddable":true,"href":"https:\/\/rdnews.al\/index.php\/wp-json\/wp\/v2\/users\/4"}],"replies":[{"embeddable":true,"href":"https:\/\/rdnews.al\/index.php\/wp-json\/wp\/v2\/comments?post=134306"}],"version-history":[{"count":2,"href":"https:\/\/rdnews.al\/index.php\/wp-json\/wp\/v2\/posts\/134306\/revisions"}],"predecessor-version":[{"id":134308,"href":"https:\/\/rdnews.al\/index.php\/wp-json\/wp\/v2\/posts\/134306\/revisions\/134308"}],"wp:featuredmedia":[{"embeddable":true,"href":"https:\/\/rdnews.al\/index.php\/wp-json\/wp\/v2\/media\/42760"}],"wp:attachment":[{"href":"https:\/\/rdnews.al\/index.php\/wp-json\/wp\/v2\/media?parent=134306"}],"wp:term":[{"taxonomy":"category","embeddable":true,"href":"https:\/\/rdnews.al\/index.php\/wp-json\/wp\/v2\/categories?post=134306"},{"taxonomy":"post_tag","embeddable":true,"href":"https:\/\/rdnews.al\/index.php\/wp-json\/wp\/v2\/tags?post=134306"}],"curies":[{"name":"wp","href":"https:\/\/api.w.org\/{rel}","templated":true}]}}