{"id":134348,"date":"2026-01-24T10:13:32","date_gmt":"2026-01-24T10:13:32","guid":{"rendered":"https:\/\/rdnews.al\/?p=134348"},"modified":"2026-01-24T10:13:32","modified_gmt":"2026-01-24T10:13:32","slug":"kellici-thirrje-qytetareve-kushdo-qe-kerkon-zgjidhje-sot-e-ka-vendin-ne-shesh","status":"publish","type":"post","link":"https:\/\/rdnews.al\/index.php\/2026\/01\/24\/kellici-thirrje-qytetareve-kushdo-qe-kerkon-zgjidhje-sot-e-ka-vendin-ne-shesh\/","title":{"rendered":"K\u00eblli\u00e7i thirrje qytetar\u00ebve: Kushdo q\u00eb k\u00ebrkon zgjidhje, sot e ka vendin n\u00eb shesh!"},"content":{"rendered":"<p>Deputeti i PD, Belind K\u00eblli\u00e7i i ka b\u00ebr\u00eb thirrje qytetar\u00ebve q\u00eb t\u2019i bashkohen protest\u00ebs s\u00eb sotme komb\u00ebtare t\u00eb thirrur nga opozita, n\u00eb or\u00ebn 17:00 p\u00ebrball\u00eb Kryeministris\u00eb.<\/p>\n<p>K\u00eblli\u00e7i shkruan se, Edi Rama i quan normale aferat, lidhjet e tij me krimin dhe thot\u00eb se NUK mund t\u00eb hetohet, a do ta lejojm\u00eb k\u00ebt\u00eb padrejt\u00ebsi, apo do e ndalim?<\/p>\n<p>&#8220;Edi Rama i quan normale aferat, lidhjet e tij me krimin dhe thot\u00eb se NUK mund t\u00eb hetohet.<\/p>\n<p>Edi Rama \u00ebsht\u00eb krenar q\u00eb pi ver\u00eb 33 mij\u00eb euro shishja, por nuk rrit pensionet e ndihm\u00ebn ekonomike.<\/p>\n<p>Edi Rama po bllokon drejt\u00ebsin\u00eb, dhe thot\u00eb se ai \u00ebsht\u00eb mbi ligjin. A do ta lejojm\u00eb k\u00ebt\u00eb padrejt\u00ebsi, apo do e ndalim?<\/p>\n<p>Kushdo q\u00eb k\u00ebrkon zgjidhje, ndalimin e sundimit e shtypjes, e ka vendin e tij sot n\u00eb shesh.<\/p>\n<p>Bashkohemi n\u00eb nj\u00eb protest\u00eb historike n\u00eb oren 17:00, para Kryeministris\u00eb&#8221;, shkruan K\u00eblli\u00e7i.<\/p>\n","protected":false},"excerpt":{"rendered":"<p>Deputeti i PD, Belind K\u00eblli\u00e7i i ka b\u00ebr\u00eb thirrje qytetar\u00ebve q\u00eb t\u2019i bashkohen protest\u00ebs s\u00eb sotme komb\u00ebtare t\u00eb thirrur nga opozita, n\u00eb or\u00ebn 17:00 p\u00ebrball\u00eb Kryeministris\u00eb. K\u00eblli\u00e7i shkruan se, Edi Rama i quan normale aferat, lidhjet e tij me krimin dhe thot\u00eb se NUK mund t\u00eb hetohet, a do ta lejojm\u00eb k\u00ebt\u00eb padrejt\u00ebsi, apo do &hellip;<\/p>\n","protected":false},"author":4,"featured_media":131301,"comment_status":"closed","ping_status":"closed","sticky":false,"template":"","format":"standard","meta":{"footnotes":""},"categories":[37],"tags":[],"class_list":["post-134348","post","type-post","status-publish","format-standard","has-post-thumbnail","","category-politike"],"_links":{"self":[{"href":"https:\/\/rdnews.al\/index.php\/wp-json\/wp\/v2\/posts\/134348","targetHints":{"allow":["GET"]}}],"collection":[{"href":"https:\/\/rdnews.al\/index.php\/wp-json\/wp\/v2\/posts"}],"about":[{"href":"https:\/\/rdnews.al\/index.php\/wp-json\/wp\/v2\/types\/post"}],"author":[{"embeddable":true,"href":"https:\/\/rdnews.al\/index.php\/wp-json\/wp\/v2\/users\/4"}],"replies":[{"embeddable":true,"href":"https:\/\/rdnews.al\/index.php\/wp-json\/wp\/v2\/comments?post=134348"}],"version-history":[{"count":1,"href":"https:\/\/rdnews.al\/index.php\/wp-json\/wp\/v2\/posts\/134348\/revisions"}],"predecessor-version":[{"id":134349,"href":"https:\/\/rdnews.al\/index.php\/wp-json\/wp\/v2\/posts\/134348\/revisions\/134349"}],"wp:featuredmedia":[{"embeddable":true,"href":"https:\/\/rdnews.al\/index.php\/wp-json\/wp\/v2\/media\/131301"}],"wp:attachment":[{"href":"https:\/\/rdnews.al\/index.php\/wp-json\/wp\/v2\/media?parent=134348"}],"wp:term":[{"taxonomy":"category","embeddable":true,"href":"https:\/\/rdnews.al\/index.php\/wp-json\/wp\/v2\/categories?post=134348"},{"taxonomy":"post_tag","embeddable":true,"href":"https:\/\/rdnews.al\/index.php\/wp-json\/wp\/v2\/tags?post=134348"}],"curies":[{"name":"wp","href":"https:\/\/api.w.org\/{rel}","templated":true}]}}