{"id":134499,"date":"2026-01-26T11:41:33","date_gmt":"2026-01-26T11:41:33","guid":{"rendered":"https:\/\/rdnews.al\/?p=134499"},"modified":"2026-01-26T11:41:52","modified_gmt":"2026-01-26T11:41:52","slug":"serish-per-irenen-me-3-mbiemra-2","status":"publish","type":"post","link":"https:\/\/rdnews.al\/index.php\/2026\/01\/26\/serish-per-irenen-me-3-mbiemra-2\/","title":{"rendered":"S\u00ebrish p\u00ebr Iren\u00ebn me 3 mbiemra&#8230;"},"content":{"rendered":"<div dir=\"auto\"><strong>Nga Adriana KALAJA<\/strong><\/div>\n<div dir=\"auto\"><\/div>\n<div dir=\"auto\">Ashtu si\u00e7 Jua kam b\u00ebr\u00eb me dije, n\u00eb vijim t\u00eb informacioneve t\u00eb v\u00ebna nga un\u00eb m\u00eb dat\u00eb 10 korrik 2025, sot, t\u00eb gjitha provat e reja p\u00ebr dosjen n\u00eb ngarkim t\u00eb gjyqtares me 3 mbiemra, e kam depozituar n\u00eb Ambasad\u00ebn e Shteteve t\u00eb Bashkuara t\u00eb Amerik\u00ebs, akredituar n\u00eb Republik\u00ebn e Shqip\u00ebris\u00eb.<\/div>\n<div class=\"x14z9mp xat24cr x1lziwak x1vvkbs xtlvy1s x126k92a\">\n<div dir=\"auto\">Po k\u00ebshtu, nisur dhe nga \u201cvesi\u201d q\u00eb kam un\u00eb p\u00ebr t&#8217;i shkuar gj\u00ebrave deri n\u00eb fund, kjo dosje do i p\u00ebrcillet edhe Senatit, Kongresit, Departamentit t\u00eb Drejt\u00ebsis\u00eb n\u00eb Shtetet e Bashkuara t\u00eb Am\u00ebrik\u00ebs dhe OPDAT.<\/div>\n<\/div>\n<div class=\"x14z9mp xat24cr x1lziwak x1vvkbs xtlvy1s x126k92a\">\n<div dir=\"auto\">Kjo rezyme, vjen pasi u njoha me vendimin e fundit nga Prokuroria e P\u00ebrgjithshme, sipas shkres\u00ebs Nr. 183\/79 extra, dat\u00eb 20.01.2026, ky institucion ka konfirmuar (bashk\u00ebngjitur \u00bd. 183\/75 extra Prot., dat\u00eb 31.12.2025, bashk\u00eblidhur ju d\u00ebrgojm\u00eb nj\u00eb kopje t\u00eb vendimit nr. 1447\/2005 dat\u00eb 07.06.2025, t\u00eb Gjykat\u00ebs s\u00eb Shkall\u00ebs s\u00eb Par\u00eb me Tre An\u00ebtar\u00eb Janin\u00eb.<\/div>\n<div dir=\"auto\">Gjithashtu, ju informojm\u00eb se m\u00eb dat\u00eb 19.01.2026 Prokuroria e P\u00ebrgjithshme, ka vendosur miratimin e rezultateve t\u00eb verifikimit n\u00eb lidhje me deklarimet e b\u00ebra n\u00eb Formularin e Vet\u00ebdeklarimit nga subjekti Irena Gjoka (Shpata, Maneku), dhe po n\u00eb k\u00ebt\u00eb dat\u00eb, ja ka p\u00ebrcjell\u00eb K\u00ebshillit t\u00eb Lart\u00eb Gjyq\u00ebsor, si organ p\u00ebrgjegj\u00ebs p\u00ebr verifikimin e kushteve t\u00eb ndalimit n\u00eb baz\u00eb t\u00eb ligjit nr. 138\/2015 \u201cP\u00ebr garantimin e integritetit t\u00eb personave q\u00eb zgjidhen, em\u00ebrohen ose ushtrojn\u00eb funksione publike\u201d dhe vendimit t\u00eb Kuvendit nr. 17\/2016 \u201cP\u00ebr p\u00ebrcaktimin e rregullave t\u00eb parashikuara n\u00eb ligjin nr. 138\/2015 \u201cP\u00ebr garantimin e integritetit t\u00eb personave q\u00eb zgjidhen, em\u00ebrohen ose ushtrojn\u00eb funksione publike\u201d.\u201d.<\/div>\n<\/div>\n<div class=\"x14z9mp xat24cr x1lziwak x1vvkbs xtlvy1s x126k92a\">\n<div dir=\"auto\">Referuar t\u00eb gjith\u00eb prova dhe kominikkmit n\u00eb bijim\u00ebsi me Prokurorin\u00eb e P\u00ebrgjithshme, duhet t\u00eb theksoj faktin se tashm\u00eb \u00ebsht\u00eb e v\u00ebrtetuar se ekziston fakti penal i mosdeklarimit nga ana e t\u00eb gjyqtares Irena Gjoka \u2013 Shpata \u2013 Maneku, i d\u00ebbimit dhe i d\u00ebnimit n\u00eb shtetin grek, p\u00ebr t\u00eb cilin jo vet\u00ebm ka dijeni, por me veprime konkludente ka autorizuar avokat dhe ka ankimuar n\u00eb gjykat\u00ebn e Janin\u00ebs k\u00ebto vendime.<\/div>\n<\/div>\n<div class=\"x14z9mp xat24cr x1lziwak x1vvkbs xtlvy1s x126k92a\">\n<div dir=\"auto\">E \u00e7moj t\u00eb r\u00ebnd\u00ebsish\u00ebm t\u00eb theksoj faktin se p\u00ebrve\u00e7 se Irena Gjoka \u2013 Shpata \u2013 Maneku, \u00ebsht\u00eb p\u00ebrs\u00ebrit\u00ebse n\u00eb kryerjen e vepr\u00ebs penale (dy her\u00eb ashtu si\u00e7 e deklaron vet\u00eb n\u00eb prokur\u00ebn e cituar m\u00eb sip\u00ebr), me vet\u00ebdije ka kryer veprat penale n\u00eb m\u00ebnyr\u00eb vazhduese (krim vazhdues), nd\u00ebrkoh\u00eb q\u00eb ka nj\u00eb vit q\u00eb k\u00ebto fakte e prova jan\u00eb b\u00ebr\u00eb publike, n\u00eb m\u00ebnyr\u00eb kategorike, ndryshe nga sa paraqesim dokumentat e depozituara e publikuara nga un\u00eb.<\/div>\n<\/div>\n<div class=\"x14z9mp xat24cr x1lziwak x1vvkbs xtlvy1s x126k92a\">\n<div dir=\"auto\">N\u00eb k\u00ebto kushte, duke qen\u00eb se jemi p\u00ebrpara shkeljes n\u00eb m\u00ebnyr\u00eb t\u00eb p\u00ebrs\u00ebritur t\u00eb dispozitave ligjore si n\u00eb kuptim t\u00eb mosdeklarimit t\u00eb dy ekspulseve ashtu dhe dy vendimeve penale, madje kjo n\u00eb m\u00ebnyr\u00eb vijuese (krim vazhdues), argumentoj se kjo shtetase nuk p\u00ebrmbush kriteret p\u00ebr t\u00eb qen\u00eb pjes\u00eb e sistemit t\u00eb drejt\u00ebsis\u00eb, aq m\u00eb pak e nj\u00eb gjykate aq t\u00eb r\u00ebnd\u00ebsishme si Gjykata e Posa\u00e7me p\u00ebr Korrupsionin dhe krimin e Organizuar.<\/div>\n<\/div>\n<div class=\"x14z9mp xat24cr x1lziwak x1vvkbs xtlvy1s x126k92a\">\n<div dir=\"auto\">P\u00ebr t\u00eb mos p\u00ebrmendur procedur\u00ebn e ndjekur p\u00ebr k\u00ebt\u00eb gjyqtare, unike n\u00eb fakt ku Komisioneri Publik, megjith\u00ebse kishte b\u00ebr\u00eb ankim n\u00eb shkall\u00ebn e dyt\u00eb t\u00eb vettingut (KPA) p\u00ebr shkeljet e r\u00ebnda nga kjo gjyqtare, \u201c\u00e7udit\u00ebrisht\u201d nj\u00eb dit\u00eb para dh\u00ebnies s\u00eb vendimit, u hoq dor\u00eb nga ankimi, duke ngritur dyshime t\u00eb arsyeshme dhe serioze lidhur me integritetin e k\u00ebsaj reforme, si\u00e7 n\u00eb fakt po e v\u00ebrteton dita dit\u00ebs.<\/div>\n<\/div>\n<div class=\"x14z9mp xat24cr x1lziwak x1vvkbs xtlvy1s x126k92a\">\n<div dir=\"auto\">Nd\u00ebrkoh\u00eb q\u00eb i gjith\u00eb publiku \u00ebsht\u00eb njohur me k\u00ebto vepra penale t\u00eb Iren\u00ebs me 3 mbiemra si dhe faktin se nuk plot\u00ebson kushtet p\u00ebr t\u00eb qen\u00eb gjyqtare, pyetjet legjitime q\u00eb n\u00eb jan\u00eb se:<\/div>\n<\/div>\n<div class=\"x14z9mp xat24cr x1lziwak x1vvkbs xtlvy1s x126k92a\">\n<div dir=\"auto\">1. K\u00ebt\u00eb Reform\u00eb n\u00eb Drejt\u00ebsi, me gjyqtar\u00eb t\u00eb d\u00ebnuar ka mb\u00ebshtetur me para, eksperienc\u00eb dhe burime njer\u00ebzor\u00eb SHBA?<\/div>\n<div dir=\"auto\">2. A mund t\u00eb jet\u00eb gjyqtare, aq m\u00eb shum\u00eb n\u00eb nj\u00eb nga gjykatat m\u00eb t\u00eb r\u00ebnd\u00ebsishme n\u00eb vend nj\u00eb shtetase e d\u00ebnuar dhe q\u00eb ka refuazuar e vijon ta refuzoj\u00eb d\u00ebnimin e saj?<\/div>\n<div dir=\"auto\">3. A nuk duhet q\u00eb ndaj k\u00ebsaj gjyqtareje fillimisht t\u00eb meren masa sigurimi si ajo e arrestit apo pezullimi nga detyra p\u00ebr shkak t\u00eb detyr\u00ebs q\u00eb mban t\u00eb cilat paraqesin rrezikun e:<\/div>\n<div dir=\"auto\">Fshehjes, manipulimit dhe tjet\u00ebrsimit t\u00eb provave;<\/div>\n<div dir=\"auto\">Intimidimit t\u00eb d\u00ebshmitar\u00ebve.<\/div>\n<\/div>\n<div class=\"x14z9mp xat24cr x1lziwak x1vvkbs xtlvy1s x126k92a\">\n<div dir=\"auto\">Dh\u00ebnia e p\u00ebrgjigjeve lidhur me pyetjet e m\u00ebsip\u00ebrme, tregon qartazi jo vet\u00ebm d\u00ebshtimin e thell\u00eb t\u00eb k\u00ebsaj rfeforme, por nj\u00ebkoh\u00ebsisht edhe uljen e ndjeshme t\u00eb besimit t\u00eb publikut ndaj saj, se aksesin p\u00ebr drejt\u00ebsi e kan\u00eb humbur me koh\u00eb (mjafton t\u00eb shihni numrin prej 200 mij\u00eb t\u00eb dosjeve stok).<\/div>\n<\/div>\n<div class=\"x14z9mp xat24cr x1lziwak x1vvkbs xtlvy1s x126k92a\">\n<div dir=\"auto\">Gjithashtu, po Ju paraqes edhe nj\u00eb pjes\u00eb t\u00eb dokumentave q\u00eb kam p\u00ebrcjell\u00eb sot n\u00eb Ambasad\u00ebn e SHBA-s\u00eb, bashk\u00eblidhur rezymes\u00eb s\u00eb dyt\u00eb (n\u00eb rezymen\u00eb e par\u00eb ishin 30 prova):<\/div>\n<div dir=\"auto\">1. P\u00ebrgjigje e k\u00ebrkes\u00ebs time nga Inspektori i Lart\u00eb i Drejt\u00ebsis\u00eb, m\u00eb shkres\u00ebn Nr. 1399\/1 Prot., dat\u00eb 06.05.2025.<\/div>\n<div dir=\"auto\">2. P\u00ebrgjigje k\u00ebrkes\u00ebs time sipas me Nr. 22767 Prot.,\/(B.M) dat\u00eb 02.07.2025, ardhur nga SPAK.<\/div>\n<div dir=\"auto\">3. P\u00ebrgjigje k\u00ebrkes\u00ebs time sipas me Nr. 26289 Prot.,\/(B.M) dat\u00eb 23.07.2025, ardhur nga SPAK.<\/div>\n<div dir=\"auto\">4. P\u00ebrgjigje k\u00ebrkes\u00ebs time sipas me Nr. 183\/65 extra Prot dat\u00eb 03.09.2025, nga Prokuroria e P\u00ebrgjithshme.<\/div>\n<div dir=\"auto\">5. P\u00ebrgjigje k\u00ebrkes\u00ebs time sipas me Nr. 183\/67 extra Prot dat\u00eb 16.09.2025, nga Prokuroria e P\u00ebrgjithshme.<\/div>\n<div dir=\"auto\">6. P\u00ebrgjigje k\u00ebrkes\u00ebs time sipas me Nr. 34607 Prot.,\/(B.M) dat\u00eb 29.09.2025, ardhur nga SPAK.<\/div>\n<div dir=\"auto\">7. P\u00ebrgjigje k\u00ebrkes\u00ebs time sipas me Nr. 183\/79 extra Prot dat\u00eb 20.01.2026, nga Prokuroria e P\u00ebrgjithshme.<\/div>\n<div dir=\"auto\">8. K\u00ebrkesa ime dat\u00eb 21.01.2026, drejtuar Prokuroris\u00eb s\u00eb P\u00ebrgjithshme.<\/div>\n<div dir=\"auto\">9. K\u00ebrkesa ime dat\u00eb 21.01.2026, drejtuar struktur\u00ebs s\u00eb SPAK.<\/div>\n<div dir=\"auto\">10. Vendimi Nr. 15314\/2004 i Gjykat\u00ebs Administrative t\u00eb Shkall\u00ebs s\u00eb Par\u00eb Athin\u00eb.<\/div>\n<div dir=\"auto\">11. Vendimi Nr. 320\/2006 i Gjykat\u00ebs Administrative t\u00eb Shkall\u00ebs s\u00eb Par\u00eb Janin\u00eb.<\/div>\n<div dir=\"auto\">12. Shkres\u00eb Nr. 1623 Prot.,\/25\/1741610, dat\u00eb 14.08.2025, e Drejtoris\u00eb s\u00eb P\u00ebrgjithshme t\u00eb Menaxhimit t\u00eb Kufijve t\u00eb Migracionit n\u00eb Republik\u00ebn e Greqis\u00eb.<\/div>\n<\/div>\n<div class=\"x14z9mp xat24cr x1lziwak x1vvkbs xtlvy1s x126k92a\">\n<div dir=\"auto\">Nj\u00eb gj\u00eb Ju siguroj se:<\/div>\n<div dir=\"auto\">Do i shkoj deri n\u00eb fund k\u00ebsaj beteje, pasi qytetar\u00ebt e Shqip\u00ebris\u00eb nuk e meritojn\u00eb t\u00eb drejtohen dhe gjykohen nga bandit\u00eb, mafioz\u00eb e kriminel\u00eb, megjith\u00ebse jan\u00eb sulur vras\u00ebsit me pages\u00eb t\u00eb porositur nga kriminelja Irena me 3 mbiemra, p\u00ebr t\u00eb minimizuar k\u00ebt\u00eb krim t\u00eb r\u00ebnd\u00eb (s\u00eb shpejti provat).<\/div>\n<\/div>\n<div class=\"x14z9mp xat24cr x1lziwak x1vvkbs xtlvy1s x126k92a\">\n<div dir=\"auto\">E un\u00eb kam dh\u00ebn\u00eb prova p\u00ebr k\u00ebt\u00eb.<\/div>\n<\/div>\n<div class=\"x14z9mp xat24cr x1lziwak x1vvkbs xtlvy1s x126k92a\">\n<div dir=\"auto\">Shihemi s\u00eb shpejti&#8230;..<\/div>\n<\/div>\n<div class=\"x14z9mp xat24cr x1lziwak x1vvkbs xtlvy1s x126k92a\">\n<div dir=\"auto\">Kush e ka rradh\u00ebn?<\/div>\n<\/div>\n<div dir=\"auto\"><img decoding=\"async\" src=\"https:\/\/scontent.ftia9-1.fna.fbcdn.net\/v\/t39.30808-6\/622801972_2245573012521007_174553457670209701_n.jpg?stp=dst-jpg_s590x590_tt6&amp;_nc_cat=108&amp;ccb=1-7&amp;_nc_sid=833d8c&amp;_nc_ohc=7esYrSE5QCwQ7kNvwGVoE7a&amp;_nc_oc=AdlJzBeGbFI9sUaGvmZ2_K3S6oZGXFQgOm0BXWig405zR7WOqOmsgv4z17EwahQ29GE&amp;_nc_zt=23&amp;_nc_ht=scontent.ftia9-1.fna&amp;_nc_gid=GLyrUlHnzXdTzRK11JL6ew&amp;oh=00_AfqxSHB9-NoZp7im-VqwXUYLT7ADW4z_0C9BT6EK5OKT_g&amp;oe=697D09D9\" \/><\/div>\n<div dir=\"auto\"><img decoding=\"async\" src=\"https:\/\/scontent.ftia9-1.fna.fbcdn.net\/v\/t39.30808-6\/622899578_2245573072521001_3481684132639617238_n.jpg?stp=dst-jpg_s590x590_tt6&amp;_nc_cat=109&amp;ccb=1-7&amp;_nc_sid=833d8c&amp;_nc_ohc=wd-HNL1egQMQ7kNvwHWOF0S&amp;_nc_oc=Adk_vEF6UeBL0gysxglURQ_6d2iaXCDsyAWB84-kGOo5-ckjavPc6I-1k8GPiXNI7rw&amp;_nc_zt=23&amp;_nc_ht=scontent.ftia9-1.fna&amp;_nc_gid=GLyrUlHnzXdTzRK11JL6ew&amp;oh=00_AfrJqmhXgCA3V2Aq5U0Nzg2gpVsSQq9Rd6x3u_-ws7Lc_A&amp;oe=697D3D67\" \/><\/div>\n","protected":false},"excerpt":{"rendered":"<p>Nga Adriana KALAJA Ashtu si\u00e7 Jua kam b\u00ebr\u00eb me dije, n\u00eb vijim t\u00eb informacioneve t\u00eb v\u00ebna nga un\u00eb m\u00eb dat\u00eb 10 korrik 2025, sot, t\u00eb gjitha provat e reja p\u00ebr dosjen n\u00eb ngarkim t\u00eb gjyqtares me 3 mbiemra, e kam depozituar n\u00eb Ambasad\u00ebn e Shteteve t\u00eb Bashkuara t\u00eb Amerik\u00ebs, akredituar n\u00eb Republik\u00ebn e Shqip\u00ebris\u00eb. Po &hellip;<\/p>\n","protected":false},"author":4,"featured_media":67658,"comment_status":"closed","ping_status":"closed","sticky":false,"template":"","format":"standard","meta":{"footnotes":""},"categories":[37],"tags":[],"class_list":["post-134499","post","type-post","status-publish","format-standard","has-post-thumbnail","","category-politike"],"_links":{"self":[{"href":"https:\/\/rdnews.al\/index.php\/wp-json\/wp\/v2\/posts\/134499","targetHints":{"allow":["GET"]}}],"collection":[{"href":"https:\/\/rdnews.al\/index.php\/wp-json\/wp\/v2\/posts"}],"about":[{"href":"https:\/\/rdnews.al\/index.php\/wp-json\/wp\/v2\/types\/post"}],"author":[{"embeddable":true,"href":"https:\/\/rdnews.al\/index.php\/wp-json\/wp\/v2\/users\/4"}],"replies":[{"embeddable":true,"href":"https:\/\/rdnews.al\/index.php\/wp-json\/wp\/v2\/comments?post=134499"}],"version-history":[{"count":2,"href":"https:\/\/rdnews.al\/index.php\/wp-json\/wp\/v2\/posts\/134499\/revisions"}],"predecessor-version":[{"id":134501,"href":"https:\/\/rdnews.al\/index.php\/wp-json\/wp\/v2\/posts\/134499\/revisions\/134501"}],"wp:featuredmedia":[{"embeddable":true,"href":"https:\/\/rdnews.al\/index.php\/wp-json\/wp\/v2\/media\/67658"}],"wp:attachment":[{"href":"https:\/\/rdnews.al\/index.php\/wp-json\/wp\/v2\/media?parent=134499"}],"wp:term":[{"taxonomy":"category","embeddable":true,"href":"https:\/\/rdnews.al\/index.php\/wp-json\/wp\/v2\/categories?post=134499"},{"taxonomy":"post_tag","embeddable":true,"href":"https:\/\/rdnews.al\/index.php\/wp-json\/wp\/v2\/tags?post=134499"}],"curies":[{"name":"wp","href":"https:\/\/api.w.org\/{rel}","templated":true}]}}