{"id":134502,"date":"2026-01-26T12:39:39","date_gmt":"2026-01-26T12:39:39","guid":{"rendered":"https:\/\/rdnews.al\/?p=134502"},"modified":"2026-01-26T12:40:03","modified_gmt":"2026-01-26T12:40:03","slug":"protesta-ne-durres-banoret-bashkia-po-na-prish-shtepite-ata-qe-paguajne-do-shpetojne","status":"publish","type":"post","link":"https:\/\/rdnews.al\/index.php\/2026\/01\/26\/protesta-ne-durres-banoret-bashkia-po-na-prish-shtepite-ata-qe-paguajne-do-shpetojne\/","title":{"rendered":"Protesta n\u00eb Durr\u00ebs\/ Banor\u00ebt: Bashkia po na shemb sht\u00ebpit\u00eb, ata q\u00eb paguajn\u00eb do shp\u00ebtojn\u00eb!"},"content":{"rendered":"<p>Banor\u00ebt e zon\u00ebs s\u00eb \u201cUr\u00ebs s\u00eb Dajlanit\u201d kan\u00eb dal\u00eb sot n\u00eb protest\u00eb p\u00ebr shkak t\u00eb projektit t\u00eb Bashkis\u00eb s\u00eb Durr\u00ebsit, p\u00ebr urbanizimin e zon\u00ebs.<\/p>\n<p>Bashkia pritet t\u00eb nd\u00ebrtoj\u00eb nj\u00eb rrug\u00eb dhe lulishte, teksa banor\u00ebt thon\u00eb se jan\u00eb edhe n\u00eb proces legalizimi dhe kan\u00eb paguar taksat rregullisht.<\/p>\n<p>Me pankarta n\u00eb duar dhe thirrje, ata k\u00ebrkojn\u00eb nga bashkia strehim dhe pages\u00ebn e qiras\u00eb, q\u00eb t\u00eb mos mbeten rrug\u00ebve.<\/p>\n<p>Autoritetet kan\u00eb d\u00ebrguar shkresa para dy dit\u00ebsh dhe k\u00ebrkojn\u00eb boshatisjen, kurse sot aksioni u anulua p\u00ebr shkak t\u00eb protest\u00ebs s\u00eb banor\u00ebve. Afati q\u00eb u kan\u00eb l\u00ebn\u00eb \u00ebsht\u00eb vet\u00ebm 10 dit\u00eb.<\/p>\n<p>\u201cJetoj prej vitit 1998 k\u00ebtu, me proces legalizimi. Afat 10 dit\u00eb, para dy dit\u00ebsh ka ardhur, nuk kemi ku shkojm\u00eb, kemi gati 30 vite k\u00ebtu. Kam edhe dy f\u00ebmij\u00eb, madje nj\u00ebri autik, paguajm\u00eb ila\u00e7e, shpenzojm\u00eb dhe nuk kemi para\u201d, shprehet nj\u00eb prej banor\u00ebve gjat\u00eb protest\u00ebs.<\/p>\n<p>Banor\u00ebt argumentojn\u00eb se nuk \u00ebsht\u00eb faji i tyre se kanali bllokohet her\u00eb pas here, pasi p\u00ebrgjegj\u00ebs jan\u00eb t\u00eb tjer\u00ebt. Ata thon\u00eb se jan\u00eb dakord p\u00ebr prishjen, por n\u00eb fillim t\u2019u garantohet strehimi.<\/p>\n<p>\u201cJam i shqet\u00ebsuar nga projekti i pastrimit t\u00eb kanalit k\u00ebtu. Do spostohet kanali, do na prishen sht\u00ebpit\u00eb. Ata q\u00eb paguajn\u00eb do shp\u00ebtojn\u00eb. Thon\u00eb se do b\u00ebhet lulishte, do b\u00ebhet rrug\u00eb. Ka vend plot p\u00ebr ta b\u00ebr\u00eb, pse k\u00ebtu. Kemi q\u00eb nga viti 1998, paguajm\u00eb uj\u00eb, drita, kemi nisur legalizimin, taksat, edhe vot\u00ebn ua kemi dh\u00ebn\u00eb, Ram\u00ebs ia kemi dh\u00ebn\u00eb madje. Meq\u00eb shteti do b\u00ebka di\u00e7ka, t\u00eb na ndihmoj\u00eb, t\u00eb na d\u00ebrgoj\u00eb n\u00eb nj\u00eb banes\u00eb me qira, k\u00ebrkojm\u00eb strehim nga Bashkia t\u00eb pakt\u00ebn a ndihm\u00eb, duam t\u00eb strehohemi\u201d, tregon nj\u00eb tjet\u00ebr banor.<\/p>\n","protected":false},"excerpt":{"rendered":"<p>Banor\u00ebt e zon\u00ebs s\u00eb \u201cUr\u00ebs s\u00eb Dajlanit\u201d kan\u00eb dal\u00eb sot n\u00eb protest\u00eb p\u00ebr shkak t\u00eb projektit t\u00eb Bashkis\u00eb s\u00eb Durr\u00ebsit, p\u00ebr urbanizimin e zon\u00ebs. Bashkia pritet t\u00eb nd\u00ebrtoj\u00eb nj\u00eb rrug\u00eb dhe lulishte, teksa banor\u00ebt thon\u00eb se jan\u00eb edhe n\u00eb proces legalizimi dhe kan\u00eb paguar taksat rregullisht. Me pankarta n\u00eb duar dhe thirrje, ata k\u00ebrkojn\u00eb nga &hellip;<\/p>\n","protected":false},"author":4,"featured_media":134503,"comment_status":"closed","ping_status":"closed","sticky":false,"template":"","format":"standard","meta":{"footnotes":""},"categories":[37],"tags":[],"class_list":["post-134502","post","type-post","status-publish","format-standard","has-post-thumbnail","","category-politike"],"_links":{"self":[{"href":"https:\/\/rdnews.al\/index.php\/wp-json\/wp\/v2\/posts\/134502","targetHints":{"allow":["GET"]}}],"collection":[{"href":"https:\/\/rdnews.al\/index.php\/wp-json\/wp\/v2\/posts"}],"about":[{"href":"https:\/\/rdnews.al\/index.php\/wp-json\/wp\/v2\/types\/post"}],"author":[{"embeddable":true,"href":"https:\/\/rdnews.al\/index.php\/wp-json\/wp\/v2\/users\/4"}],"replies":[{"embeddable":true,"href":"https:\/\/rdnews.al\/index.php\/wp-json\/wp\/v2\/comments?post=134502"}],"version-history":[{"count":2,"href":"https:\/\/rdnews.al\/index.php\/wp-json\/wp\/v2\/posts\/134502\/revisions"}],"predecessor-version":[{"id":134505,"href":"https:\/\/rdnews.al\/index.php\/wp-json\/wp\/v2\/posts\/134502\/revisions\/134505"}],"wp:featuredmedia":[{"embeddable":true,"href":"https:\/\/rdnews.al\/index.php\/wp-json\/wp\/v2\/media\/134503"}],"wp:attachment":[{"href":"https:\/\/rdnews.al\/index.php\/wp-json\/wp\/v2\/media?parent=134502"}],"wp:term":[{"taxonomy":"category","embeddable":true,"href":"https:\/\/rdnews.al\/index.php\/wp-json\/wp\/v2\/categories?post=134502"},{"taxonomy":"post_tag","embeddable":true,"href":"https:\/\/rdnews.al\/index.php\/wp-json\/wp\/v2\/tags?post=134502"}],"curies":[{"name":"wp","href":"https:\/\/api.w.org\/{rel}","templated":true}]}}