{"id":134506,"date":"2026-01-26T14:13:22","date_gmt":"2026-01-26T14:13:22","guid":{"rendered":"https:\/\/rdnews.al\/?p=134506"},"modified":"2026-01-26T14:13:40","modified_gmt":"2026-01-26T14:13:40","slug":"elda-hoti-ndryshimet-ne-kodin-penal-te-rames-shnderrohen-ne-mjet-frike-kriminalizon-qytetaret-dhe-mbron-kriminelet","status":"publish","type":"post","link":"https:\/\/rdnews.al\/index.php\/2026\/01\/26\/elda-hoti-ndryshimet-ne-kodin-penal-te-rames-shnderrohen-ne-mjet-frike-kriminalizon-qytetaret-dhe-mbron-kriminelet\/","title":{"rendered":"Hoti: Ndryshimet n\u00eb Kodin Penal t\u00eb Ram\u00ebs shnd\u00ebrrohen n\u00eb mjet frike, kriminalizon qytetar\u00ebt dhe mbron kriminel\u00ebt"},"content":{"rendered":"<p><strong>DEKLARAT\u00cb P\u00cbR MEDIA DEPUTETJA E PD, ELDA HOTI<\/strong><\/p>\n<p>Edi Rama ka vendosur t\u00eb kaloj\u00eb nes\u00ebr n\u00eb Kuvend ndryshime t\u00eb r\u00ebnd\u00ebsishme n\u00eb Kodin Penal, t\u00eb cilat p\u00ebrfshijn\u00eb masa t\u00eb reja represive ndaj qytetar\u00ebve shqiptar\u00eb dhe medias. Edhe pse ky projektligj paraqitet si nj\u00eb nism\u00eb p\u00ebr p\u00ebrafrim me legjislacionin e Bashkimit Evropian, n\u00eb thelb p\u00ebrfaq\u00ebson nj\u00eb zhvendosje t\u00eb rrezikshme drejt penalizimit disproporcional dhe kontrollit politik p\u00ebrmes ligjit penal.<br \/>\nN\u00eb m\u00ebnyr\u00eb t\u00eb drejtp\u00ebrdrejt\u00eb, projektligji:<br \/>\n-ashp\u00ebrson n\u00eb m\u00ebnyr\u00eb disproporcionale masat penale;<br \/>\n-rrit minimumet e d\u00ebnimit dhe kufizon diskrecionin e gjykat\u00ebs;<br \/>\n-krijon paqart\u00ebsi juridike, duke cenuar parimet themelore t\u00eb siguris\u00eb juridike dhe proporcionalitetit.<br \/>\nVe\u00e7an\u00ebrisht shqet\u00ebsuese jan\u00eb ndryshimet q\u00eb lidhen me:<br \/>\nnenin 120, i cili hap rrug\u00eb p\u00ebr kriminalizim t\u00eb paqart\u00eb t\u00eb sjelljeve dhe shprehjeve, duke krijuar rrezik real p\u00ebr abuzim dhe ndjekje selektive;<br \/>\nnenin 237, i cili, p\u00ebrmes formulimeve t\u00eb gjera dhe t\u00eb paqarta, mund t\u00eb p\u00ebrdoret si instrument nd\u00ebshkues ndaj protest\u00ebs qytetare dhe mosbindjes civile;<br \/>\nnenin 238, i cili forcon nj\u00eb qasje penale represive ndaj qytetar\u00ebve, duke zhvendosur balanc\u00ebn nga mbrojtja e rendit kushtetues drejt mbrojtjes s\u00eb autoritetit politik.<br \/>\nN\u00eb kulmin e absurditetit juridik, k\u00ebto ndryshime synojn\u00eb kriminalizimin e parkimit t\u00eb dyfisht\u00eb me d\u00ebnim deri n\u00eb tre vite burg. Ky \u00ebsht\u00eb nj\u00eb akt i rreziksh\u00ebm dhe i padrejt\u00eb, pa asnj\u00eb lidhje me sigurin\u00eb publike, por me zhvendosjen e v\u00ebmendjes nga d\u00ebshtimet reale t\u00eb qeveris\u00eb.<br \/>\nN\u00eb nj\u00eb vend ku mungojn\u00eb parkimet publike, ku urbanistika \u00ebsht\u00eb shkat\u00ebrruar nga nd\u00ebrtimet pa leje dhe ku institucionet kan\u00eb d\u00ebshtuar t\u00eb garantojn\u00eb hap\u00ebsira funksionale qarkullimi, qeveria zgjedh rrug\u00ebn m\u00eb t\u00eb leht\u00eb: burg p\u00ebr qytetar\u00ebt, amnisti p\u00ebr p\u00ebrgjegj\u00ebsit.<br \/>\nSjellje tipike e nj\u00eb pushteti q\u00eb nuk nd\u00ebrton shtet, por k\u00ebrkon t\u00eb mbuloj\u00eb paaft\u00ebsin\u00eb e vet p\u00ebrmes frik\u00ebs penale.<br \/>\n\u00cbsht\u00eb e papranueshme q\u00eb nj\u00eb shkelje administrative t\u00eb trajtohet si vep\u00ebr penale, nd\u00ebrkoh\u00eb q\u00eb korrupsioni i nivelit t\u00eb lart\u00eb, z\u00ebnia e trojeve publike dhe shkeljet e r\u00ebnda urbanistike mbeten realisht t\u00eb pand\u00ebshkuara.<br \/>\nKjo cenon drejtp\u00ebrdrejt parimin e proporcionalitetit: nuk mund t\u00eb barazohet nj\u00eb parkim i gabuar me vepra penale q\u00eb rrezikojn\u00eb seriozisht rendin shoq\u00ebror.<br \/>\nLigji penal duhet t\u00eb jet\u00eb mjeti i fundit i nd\u00ebrhyrjes shtet\u00ebrore, jo nj\u00eb instrument frike p\u00ebr t\u00eb maskuar d\u00ebshtimin institucional. N\u00eb vend t\u00eb nd\u00ebrtimit t\u00eb parkimeve, p\u00ebrmir\u00ebsimit t\u00eb infrastruktur\u00ebs dhe zbatimit korrekt t\u00eb ligjit administrativ, propozohet burgu. Kjo nuk \u00ebsht\u00eb reform\u00eb, por nj\u00eb precedent i rreziksh\u00ebm q\u00eb hap rrug\u00ebn p\u00ebr kriminalizimin e p\u00ebrditshm\u00ebris\u00eb.<br \/>\nEdhe vet\u00eb Raporti i Konsultimit Publik d\u00ebshmon se nj\u00eb s\u00ebr\u00eb komentesh profesionale dhe shqet\u00ebsimesh thelb\u00ebsore jan\u00eb refuzuar, duke u shtyr\u00eb n\u00eb m\u00ebnyr\u00eb t\u00eb pap\u00ebrgjegjshme p\u00ebr nj\u00eb \u201cKod Penal t\u00eb ri\u201d, nd\u00ebrkoh\u00eb q\u00eb ndryshimet m\u00eb problematike k\u00ebrkohet t\u00eb miratohen me urgjenc\u00eb.<br \/>\nN\u00eb t\u00ebr\u00ebsi, ky projektligj e shnd\u00ebrron Kodin Penal nga nj\u00eb mjet mbrojtjeje t\u00eb shoq\u00ebris\u00eb n\u00eb nj\u00eb instrument kontrolli dhe frik\u00ebsimi, duke goditur qytetar\u00ebt e zakonsh\u00ebm, lirin\u00eb e shprehjes dhe t\u00eb drejt\u00ebn p\u00ebr protest\u00eb, nd\u00ebrkoh\u00eb q\u00eb krimi i organizuar dhe korrupsioni qeveritar mbeten t\u00eb paprekur.<br \/>\nRritja e d\u00ebnimeve penale nuk \u00ebsht\u00eb reform\u00eb. Represioni penal nuk z\u00ebvend\u00ebson shtetin ligjor, institucionet funksionale dhe luft\u00ebn reale kund\u00ebr korrupsionit.<br \/>\n\u00c7do p\u00ebrpjekje p\u00ebr t\u00eb forcuar pushtetin p\u00ebrmes frik\u00ebs penale \u00ebsht\u00eb e papranueshme dhe do t\u00eb kund\u00ebrshtohet me vendosm\u00ebri.<\/p>\n","protected":false},"excerpt":{"rendered":"<p>DEKLARAT\u00cb P\u00cbR MEDIA DEPUTETJA E PD, ELDA HOTI Edi Rama ka vendosur t\u00eb kaloj\u00eb nes\u00ebr n\u00eb Kuvend ndryshime t\u00eb r\u00ebnd\u00ebsishme n\u00eb Kodin Penal, t\u00eb cilat p\u00ebrfshijn\u00eb masa t\u00eb reja represive ndaj qytetar\u00ebve shqiptar\u00eb dhe medias. Edhe pse ky projektligj paraqitet si nj\u00eb nism\u00eb p\u00ebr p\u00ebrafrim me legjislacionin e Bashkimit Evropian, n\u00eb thelb p\u00ebrfaq\u00ebson nj\u00eb zhvendosje &hellip;<\/p>\n","protected":false},"author":4,"featured_media":134507,"comment_status":"closed","ping_status":"closed","sticky":false,"template":"","format":"standard","meta":{"footnotes":""},"categories":[37],"tags":[],"class_list":["post-134506","post","type-post","status-publish","format-standard","has-post-thumbnail","","category-politike"],"_links":{"self":[{"href":"https:\/\/rdnews.al\/index.php\/wp-json\/wp\/v2\/posts\/134506","targetHints":{"allow":["GET"]}}],"collection":[{"href":"https:\/\/rdnews.al\/index.php\/wp-json\/wp\/v2\/posts"}],"about":[{"href":"https:\/\/rdnews.al\/index.php\/wp-json\/wp\/v2\/types\/post"}],"author":[{"embeddable":true,"href":"https:\/\/rdnews.al\/index.php\/wp-json\/wp\/v2\/users\/4"}],"replies":[{"embeddable":true,"href":"https:\/\/rdnews.al\/index.php\/wp-json\/wp\/v2\/comments?post=134506"}],"version-history":[{"count":2,"href":"https:\/\/rdnews.al\/index.php\/wp-json\/wp\/v2\/posts\/134506\/revisions"}],"predecessor-version":[{"id":134509,"href":"https:\/\/rdnews.al\/index.php\/wp-json\/wp\/v2\/posts\/134506\/revisions\/134509"}],"wp:featuredmedia":[{"embeddable":true,"href":"https:\/\/rdnews.al\/index.php\/wp-json\/wp\/v2\/media\/134507"}],"wp:attachment":[{"href":"https:\/\/rdnews.al\/index.php\/wp-json\/wp\/v2\/media?parent=134506"}],"wp:term":[{"taxonomy":"category","embeddable":true,"href":"https:\/\/rdnews.al\/index.php\/wp-json\/wp\/v2\/categories?post=134506"},{"taxonomy":"post_tag","embeddable":true,"href":"https:\/\/rdnews.al\/index.php\/wp-json\/wp\/v2\/tags?post=134506"}],"curies":[{"name":"wp","href":"https:\/\/api.w.org\/{rel}","templated":true}]}}