{"id":134523,"date":"2026-01-26T17:58:29","date_gmt":"2026-01-26T17:58:29","guid":{"rendered":"https:\/\/rdnews.al\/?p=134523"},"modified":"2026-01-26T17:59:18","modified_gmt":"2026-01-26T17:59:18","slug":"si-u-bojkotua-fjala-e-rames","status":"publish","type":"post","link":"https:\/\/rdnews.al\/index.php\/2026\/01\/26\/si-u-bojkotua-fjala-e-rames\/","title":{"rendered":"Si u bojkotua fjala e Ram\u00ebs n\u00eb parlamentin izraelit"},"content":{"rendered":"<div class=\"clear\">Fjalimi i Kryeministrit t\u00eb Shqip\u00ebris\u00eb, Edi Rama, n\u00eb Parlamentin izraelit (Knesset) u zhvillua n\u00eb nj\u00eb sall\u00eb ku u vun\u00eb re duksh\u00ebm shum\u00eb vende bosh, fakt q\u00eb ka nxitur komente dhe interpretime t\u00eb ndryshme n\u00eb qarqet politike dhe mediatike.<\/div>\n<div class=\"entry\">\n<p>Megjithat\u00eb, p\u00ebrve\u00e7 mungesave q\u00eb lidhen me mosangazhim apo indiferenc\u00eb, u regjistrua edhe nj\u00eb bojkot i q\u00ebllimsh\u00ebm politik. Deputet\u00eb arab\u00eb nga tre parti t\u00eb ndryshme vendos\u00ebn t\u00eb mos marrin pjes\u00eb n\u00eb seanc\u00ebn e posa\u00e7me t\u00eb organizuar n\u00eb nder t\u00eb Kryeministrit t\u00eb Shqip\u00ebris\u00eb, nj\u00eb vend me shumic\u00eb myslimane, por q\u00eb historikisht konsiderohet mik i Izraelit dhe me marr\u00ebdh\u00ebnie t\u00eb konsoliduara dypal\u00ebshe.<\/p>\n<p>Nj\u00eb burim nga radh\u00ebt e partive arabe, i cituar nga media lokale, u shpreh n\u00eb m\u00ebnyr\u00eb ironike p\u00ebr vizit\u00ebn e Ram\u00ebs:\u00a0\u201cLe t\u00eb mjaftohet me pranin\u00eb e \u2018Otzma Yehudit\u2019 dhe \u2018Sionizmit Fetar\u2019.\u201d<\/p>\n<p>Ky q\u00ebndrim reflekton pak\u00ebnaq\u00ebsit\u00eb e nj\u00eb pjese t\u00eb spektrit politik arab n\u00eb Izrael, t\u00eb cilat shpesh bojkotojn\u00eb evente simbolike t\u00eb tilla, ve\u00e7an\u00ebrisht kur ato perceptohen si akte politike q\u00eb legjitimojn\u00eb balanca t\u00eb caktuara brenda politik\u00ebs izraelite. Sic mund t\u00eb shihet edhe nga pamjet, shum\u00eb karrige n\u00eb sall\u00ebn e parlamentit jan\u00eb bosh.\/ lapsi\/<\/p>\n<\/div>\n","protected":false},"excerpt":{"rendered":"<p>Fjalimi i Kryeministrit t\u00eb Shqip\u00ebris\u00eb, Edi Rama, n\u00eb Parlamentin izraelit (Knesset) u zhvillua n\u00eb nj\u00eb sall\u00eb ku u vun\u00eb re duksh\u00ebm shum\u00eb vende bosh, fakt q\u00eb ka nxitur komente dhe interpretime t\u00eb ndryshme n\u00eb qarqet politike dhe mediatike. Megjithat\u00eb, p\u00ebrve\u00e7 mungesave q\u00eb lidhen me mosangazhim apo indiferenc\u00eb, u regjistrua edhe nj\u00eb bojkot i q\u00ebllimsh\u00ebm politik. &hellip;<\/p>\n","protected":false},"author":4,"featured_media":134520,"comment_status":"closed","ping_status":"closed","sticky":false,"template":"","format":"standard","meta":{"footnotes":""},"categories":[37],"tags":[],"class_list":["post-134523","post","type-post","status-publish","format-standard","has-post-thumbnail","","category-politike"],"_links":{"self":[{"href":"https:\/\/rdnews.al\/index.php\/wp-json\/wp\/v2\/posts\/134523","targetHints":{"allow":["GET"]}}],"collection":[{"href":"https:\/\/rdnews.al\/index.php\/wp-json\/wp\/v2\/posts"}],"about":[{"href":"https:\/\/rdnews.al\/index.php\/wp-json\/wp\/v2\/types\/post"}],"author":[{"embeddable":true,"href":"https:\/\/rdnews.al\/index.php\/wp-json\/wp\/v2\/users\/4"}],"replies":[{"embeddable":true,"href":"https:\/\/rdnews.al\/index.php\/wp-json\/wp\/v2\/comments?post=134523"}],"version-history":[{"count":2,"href":"https:\/\/rdnews.al\/index.php\/wp-json\/wp\/v2\/posts\/134523\/revisions"}],"predecessor-version":[{"id":134525,"href":"https:\/\/rdnews.al\/index.php\/wp-json\/wp\/v2\/posts\/134523\/revisions\/134525"}],"wp:featuredmedia":[{"embeddable":true,"href":"https:\/\/rdnews.al\/index.php\/wp-json\/wp\/v2\/media\/134520"}],"wp:attachment":[{"href":"https:\/\/rdnews.al\/index.php\/wp-json\/wp\/v2\/media?parent=134523"}],"wp:term":[{"taxonomy":"category","embeddable":true,"href":"https:\/\/rdnews.al\/index.php\/wp-json\/wp\/v2\/categories?post=134523"},{"taxonomy":"post_tag","embeddable":true,"href":"https:\/\/rdnews.al\/index.php\/wp-json\/wp\/v2\/tags?post=134523"}],"curies":[{"name":"wp","href":"https:\/\/api.w.org\/{rel}","templated":true}]}}