{"id":134526,"date":"2026-01-26T18:06:16","date_gmt":"2026-01-26T18:06:16","guid":{"rendered":"https:\/\/rdnews.al\/?p=134526"},"modified":"2026-01-26T18:06:16","modified_gmt":"2026-01-26T18:06:16","slug":"eda-grimci-19-arrestime-te-paligjshme-pd-prane-cdo-protestuesi-te-ndaluar-ne-nuk-perkulemi","status":"publish","type":"post","link":"https:\/\/rdnews.al\/index.php\/2026\/01\/26\/eda-grimci-19-arrestime-te-paligjshme-pd-prane-cdo-protestuesi-te-ndaluar-ne-nuk-perkulemi\/","title":{"rendered":"Eda Grim\u00e7i: 19 arrestime t\u00eb paligjshme! PD pran\u00eb \u00e7do protestuesi t\u00eb ndaluar, ne nuk p\u00ebrkulemi!"},"content":{"rendered":"<p>P\u00ebrfaq\u00ebsuesja ligjore e PD, Eda Grim\u00e7i n\u00eb fjal\u00ebn e saj\u00a0\u00a0n\u00eb foltoren e opozit\u00ebs para kryeministris\u00eb ka lexuar publikisht emrat e 19 personave t\u00eb arrestuar gjat\u00eb protest\u00ebs s\u00eb mbr\u00ebmshme, duke i cil\u00ebsuar ndalimet e tyre si t\u00eb paligjshme dhe t\u00eb motivuara politikisht.<\/p>\n<p>Duke u ndalur tek emrate t\u00eb arrestuaeve, Grim\u00e7i akuzoi autoritetet p\u00ebr 19 shp\u00ebrdorime detyre dhe 19 shkelje t\u00eb r\u00ebnda t\u00eb ligjit\u201d.<\/p>\n<p>Grim\u00e7i ftoi qytetar\u00ebt q\u00eb dit\u00ebn e nes\u00ebrme, n\u00eb or\u00ebn 11:00, t\u00eb mblidhen para Gjykat\u00ebs s\u00eb Shkall\u00ebs s\u00eb Par\u00eb n\u00eb Tiran\u00eb p\u00ebr t\u00eb ofruar mb\u00ebshtetje morale, politike dhe qytetare p\u00ebr t\u00eb arrestuarit, t\u00eb cil\u00eb\u00a0po mbahen n\u00eb m\u00ebnyr\u00eb t\u00eb paligjshme.<\/p>\n<p><strong>Grim\u00e7i: <\/strong>19 emra, 19 arrestime t\u00eb paligjshme, 19 shp\u00ebrdorim detyre, 19 shkelje t\u00eb r\u00ebnda t\u00eb ligjit. \u00c7do arrestim pa prov\u00eb \u00ebsht\u00eb i paligjsh\u00ebm, \u00e7do dhun\u00eb \u00ebsht\u00eb vep\u00ebr penale, \u00e7do urdh\u00ebr politik p\u00ebr ndalim qytetar\u00ebsh \u00ebsht\u00eb p\u00ebrgjegj\u00ebsi penale. Askush mos t\u00eb guxoj\u00eb t\u00eb fshihet pas uniform\u00ebs, askush t\u00eb mos fshihet pas urdhrit. Ligji njeh autorin, por mos harroni, ligji njeh dhe bashkautor\u00ebt.<\/p>\n<p>Ky pushtet sot nuk, nuk po qeveris me ligj, po qeveris me frik\u00eb dhe ne k\u00ebt\u00eb e pam\u00eb n\u00eb protest\u00ebn e fundit dhe n\u00eb dhun\u00ebn q\u00eb ushtruan. Por sot dua t&#8217;ju drejtohem juve qytetar\u00eb t\u00eb lir\u00eb, q\u00eb jeni kudo n\u00eb Shqip\u00ebri, ju q\u00eb ishit n\u00eb protest\u00eb, ju q\u00eb do t\u00eb jeni n\u00eb protest\u00ebn e radh\u00ebs dhe ju q\u00eb me zem\u00ebr jeni pran\u00eb nesh, pran\u00eb nesh e nuk mund t\u00eb jeni n\u00eb shesh. Mos u intimidoni, mos u trembni nga dhuna, mos u trembni nga arrestimet e paligjshme, sepse kur shteti fillon arreston qytetar\u00eb pa prova, mos harroni, \u00ebsht\u00eb fillimi i r\u00ebnies, \u00ebsht\u00eb frika nga reagimi juaj. Faleminderit \u00e7do demokrati q\u00eb doli n\u00eb protest\u00eb pa frik\u00eb. Faleminderit \u00e7do qytetari t\u00eb lir\u00eb q\u00eb q\u00ebndroi. Faleminderit sidomos prind\u00ebrve q\u00eb ju arrestuan f\u00ebmij\u00ebt e q\u00eb nuk u tremb\u00ebn. Faleminderit grave q\u00eb nuk hesht\u00ebn p\u00ebrball\u00eb dhun\u00ebs.<\/p>\n<p>Ju jeni fytyra e v\u00ebrtet\u00eb e Shqip\u00ebris\u00eb. Dhe le ta d\u00ebgjojn\u00eb mir\u00eb ata k\u00ebtu pas nesh q\u00eb sot p\u00ebrdor\u00ebn forc\u00ebn p\u00ebr t\u00eb mbajtur pushtetin. Partia Demokratike \u00ebsht\u00eb k\u00ebtu. Partia Demokratike nuk t\u00ebrhiqet. Demokrat\u00ebt dhe Partia Demokratike nuk i braktisin protestuesit. Ne jemi pran\u00eb \u00e7do t\u00eb arrestuari, pran\u00eb \u00e7do familje, pran\u00eb \u00e7do qytetari t\u00eb dhunuar. Ne do ta ndjekim k\u00ebt\u00eb \u00e7\u00ebshtje n\u00eb \u00e7do shkall\u00eb t\u00eb gjykimit. Dhe k\u00ebtu gjej rastin t&#8217;ju ftoj q\u00eb nes\u00ebr n\u00eb or\u00ebn 11, t\u00eb gjith\u00eb si\u00e7 jemi k\u00ebtu dhe t\u00eb tjer\u00eb p\u00ebrve\u00e7 nesh, t&#8217;i drejtohemi Gjykat\u00ebs s\u00eb Shkall\u00ebs s\u00eb Par\u00eb, Dhom\u00ebs Penale dhe n\u00eb or\u00ebn 11, t\u00eb gjith\u00eb s\u00eb bashku t\u00eb suportojm\u00eb dhe t&#8217;u japim mb\u00ebshtetje morale, politike dhe qytetare t\u00eb gjith\u00eb djemve tan\u00eb q\u00eb sot ndodhen n\u00eb bllokun e siguris\u00eb, t\u00eb arrestuar n\u00eb m\u00ebnyr\u00eb t\u00eb paligjshme.<\/p>\n<p>Sot, ata q\u00eb kan\u00eb shkopin e gom\u00ebs, ndoshta qeshin me ne se ne ju dukemi pak. Ata q\u00eb kan\u00eb gazin lotsjell\u00ebs, ata q\u00eb kan\u00eb prangat, ata q\u00eb na dhunuan. Por nj\u00eb gj\u00eb ta dini mir\u00eb. Ju, ju kriminel\u00eb me pushtet t\u00eb vjedhur dhe jo me autoritet, ju q\u00eb jetoni nga propaganda, ju q\u00eb mbijetoni nga frika, ju q\u00eb do t\u00eb bini nga e v\u00ebrteta. Do ju them vet\u00ebm dy fjal\u00eb p\u00ebr t\u00eb gjith\u00eb ata q\u00eb pretendojn\u00eb se demokrat\u00ebt paguhen p\u00ebr t\u00eb ardhur n\u00eb protesta. Ju nuk i njihni demokrat\u00ebt. Ju nuk e njihni zjarrin e idealit. Ne nuk shitemi, nuk blihemi, nuk p\u00ebrkulemi. Ju jeni mercenar\u00eb t\u00eb ndyr\u00eb t\u00eb korrupsionit. Ne jemi luft\u00ebtar\u00eb t\u00eb dinjitetit dhe pushtetet e kalbura bien gjithmon\u00eb kur ato p\u00ebrballen me njer\u00ebz t\u00eb lir\u00eb.<\/p>\n","protected":false},"excerpt":{"rendered":"<p>P\u00ebrfaq\u00ebsuesja ligjore e PD, Eda Grim\u00e7i n\u00eb fjal\u00ebn e saj\u00a0\u00a0n\u00eb foltoren e opozit\u00ebs para kryeministris\u00eb ka lexuar publikisht emrat e 19 personave t\u00eb arrestuar gjat\u00eb protest\u00ebs s\u00eb mbr\u00ebmshme, duke i cil\u00ebsuar ndalimet e tyre si t\u00eb paligjshme dhe t\u00eb motivuara politikisht. Duke u ndalur tek emrate t\u00eb arrestuaeve, Grim\u00e7i akuzoi autoritetet p\u00ebr 19 shp\u00ebrdorime detyre &hellip;<\/p>\n","protected":false},"author":4,"featured_media":134527,"comment_status":"closed","ping_status":"closed","sticky":false,"template":"","format":"standard","meta":{"footnotes":""},"categories":[37],"tags":[],"class_list":["post-134526","post","type-post","status-publish","format-standard","has-post-thumbnail","","category-politike"],"_links":{"self":[{"href":"https:\/\/rdnews.al\/index.php\/wp-json\/wp\/v2\/posts\/134526","targetHints":{"allow":["GET"]}}],"collection":[{"href":"https:\/\/rdnews.al\/index.php\/wp-json\/wp\/v2\/posts"}],"about":[{"href":"https:\/\/rdnews.al\/index.php\/wp-json\/wp\/v2\/types\/post"}],"author":[{"embeddable":true,"href":"https:\/\/rdnews.al\/index.php\/wp-json\/wp\/v2\/users\/4"}],"replies":[{"embeddable":true,"href":"https:\/\/rdnews.al\/index.php\/wp-json\/wp\/v2\/comments?post=134526"}],"version-history":[{"count":1,"href":"https:\/\/rdnews.al\/index.php\/wp-json\/wp\/v2\/posts\/134526\/revisions"}],"predecessor-version":[{"id":134528,"href":"https:\/\/rdnews.al\/index.php\/wp-json\/wp\/v2\/posts\/134526\/revisions\/134528"}],"wp:featuredmedia":[{"embeddable":true,"href":"https:\/\/rdnews.al\/index.php\/wp-json\/wp\/v2\/media\/134527"}],"wp:attachment":[{"href":"https:\/\/rdnews.al\/index.php\/wp-json\/wp\/v2\/media?parent=134526"}],"wp:term":[{"taxonomy":"category","embeddable":true,"href":"https:\/\/rdnews.al\/index.php\/wp-json\/wp\/v2\/categories?post=134526"},{"taxonomy":"post_tag","embeddable":true,"href":"https:\/\/rdnews.al\/index.php\/wp-json\/wp\/v2\/tags?post=134526"}],"curies":[{"name":"wp","href":"https:\/\/api.w.org\/{rel}","templated":true}]}}