{"id":134529,"date":"2026-01-26T18:10:58","date_gmt":"2026-01-26T18:10:58","guid":{"rendered":"https:\/\/rdnews.al\/?p=134529"},"modified":"2026-01-26T18:10:58","modified_gmt":"2026-01-26T18:10:58","slug":"foltorja-qytetari-ketu-mbrapa-meje-eshte-keshtjella-e-hajnise-keshtjella-e-turpit","status":"publish","type":"post","link":"https:\/\/rdnews.al\/index.php\/2026\/01\/26\/foltorja-qytetari-ketu-mbrapa-meje-eshte-keshtjella-e-hajnise-keshtjella-e-turpit\/","title":{"rendered":"\u201cFoltorja\u201d\/ Qytetari: K\u00ebtu mbrapa meje \u00ebsht\u00eb k\u00ebshtjella e hajnis\u00eb, k\u00ebshtjella e turpit!"},"content":{"rendered":"<p>Qytetari Vladimir Dobrolishti, gjat\u00eb fjal\u00ebs s\u00eb mbajtur n\u00eb foltoren e opozit\u00ebs p\u00ebrpara Kryeministris\u00eb, ka akuzuar ashp\u00ebr qeverin\u00eb dhe kryeministrin p\u00ebr korrupsion, represion dhe p\u00ebrdorim t\u00eb dhun\u00ebs ndaj qytetar\u00ebve protestues.<\/p>\n<p>Duke iu referuar protest\u00ebs s\u00eb 24 janarit, Dobrolishti tha se ajo e p\u00ebrmbushi misionin e saj pavar\u00ebsisht dhun\u00ebs s\u00eb ushtruar nga strukturat shtet\u00ebrore, nd\u00ebrsa paralajm\u00ebroi se p\u00ebrballja qytetare nuk do t\u00eb ndalet, por do t\u00eb vijoj\u00eb me protesta t\u00eb tjera, t\u00eb cilat, sipas tij, do t\u00eb shpalosin guximin dhe vendosm\u00ebrin\u00eb e qytetar\u00ebve kund\u00ebr pushtetit aktual.<\/p>\n<p><strong>Vladimir Dobrolishti:\u00a0<\/strong>K\u00ebtu mbrapa meje \u00ebsht\u00eb k\u00ebshtjella e hajnis\u00eb, k\u00ebshtjella e turpit. Dhe p\u00ebrfaq\u00ebsuesi i k\u00ebsaj ose lideri i k\u00ebsaj godine sot derdh lot n\u00eb murin e lot\u00ebve t\u00eb Izraelit q\u00eb i vjen keq p\u00ebr popullin e tij, prandaj \u00ebsht\u00eb atje.<\/p>\n<p>Ka takuar liderin e Izraelit se \u00ebsht\u00eb i ngjash\u00ebm me t\u00eb. Ky \u00ebsht\u00eb i ngjash\u00ebm me gjith\u00eb diktator\u00ebt e bot\u00ebs dhe nuk besoj se i vjen keq se \u00e7&#8217;ka l\u00ebn\u00eb k\u00ebtu. Ky ka porositur me dat\u00ebn 24 policin\u00eb e partis\u00eb, se polici shteti ka koh\u00eb q\u00eb nuk kemi dhe i tha t\u00eb p\u00ebrdorni gjith\u00eb mjetet e mundshme vet\u00ebm ta shtrojm\u00eb k\u00ebt\u00eb popull. K\u00ebt\u00eb popull q\u00eb ai e ka konsideruar dele, por popull q\u00eb do t&#8217;i v\u00ebr\u00eb lakun n\u00eb fyt atij dhe zagar\u00ebve t\u00eb tij.<\/p>\n<p>Un\u00eb mendoj q\u00eb protesta e 24 janarit i arriti objektivit t\u00eb saj. Pavar\u00ebsisht dhun\u00ebs t\u00eb ushtruar nga pushteti. Ne ishim koshient\u00eb q\u00eb ata do t&#8217;i p\u00ebrdornin t\u00eb gjitha mjetet e mundshme. Dhe nuk ishte rast\u00ebsi fakti i p\u00ebrdorimit t\u00eb gazit t\u00eb skaduar. Jo, jo, ai ishte q\u00ebllim n\u00eb vete. T\u00eb na d\u00ebmtonin sa m\u00eb shum\u00eb t\u00eb ishte e mundur. Dhe ata b\u00ebjn\u00eb fjal\u00eb jo p\u00ebr t\u00eb d\u00ebmtuar t\u00eb popullit, por t\u00eb d\u00ebmtuar polic\u00eb t\u00eb partis\u00eb.<\/p>\n<p>Se sa u d\u00ebmtuan k\u00ebtu nga populli e din\u00eb ata q\u00eb e vuajt\u00ebn dhe gjykoj q\u00eb do kemi rastin, do kemi rastin ta shprehim p\u00ebrs\u00ebri 24 janarin. 24 janari nuk \u00ebsht\u00eb vet\u00ebm. Ne kemi p\u00ebrpara 24 janar t\u00eb tjer\u00eb n\u00eb t\u00eb cil\u00ebt do shpalosim guximin, vendosm\u00ebrin\u00eb dhe aspirat\u00ebn ton\u00eb.<\/p>\n","protected":false},"excerpt":{"rendered":"<p>Qytetari Vladimir Dobrolishti, gjat\u00eb fjal\u00ebs s\u00eb mbajtur n\u00eb foltoren e opozit\u00ebs p\u00ebrpara Kryeministris\u00eb, ka akuzuar ashp\u00ebr qeverin\u00eb dhe kryeministrin p\u00ebr korrupsion, represion dhe p\u00ebrdorim t\u00eb dhun\u00ebs ndaj qytetar\u00ebve protestues. Duke iu referuar protest\u00ebs s\u00eb 24 janarit, Dobrolishti tha se ajo e p\u00ebrmbushi misionin e saj pavar\u00ebsisht dhun\u00ebs s\u00eb ushtruar nga strukturat shtet\u00ebrore, nd\u00ebrsa paralajm\u00ebroi se &hellip;<\/p>\n","protected":false},"author":4,"featured_media":134530,"comment_status":"closed","ping_status":"closed","sticky":false,"template":"","format":"standard","meta":{"footnotes":""},"categories":[37],"tags":[],"class_list":["post-134529","post","type-post","status-publish","format-standard","has-post-thumbnail","","category-politike"],"_links":{"self":[{"href":"https:\/\/rdnews.al\/index.php\/wp-json\/wp\/v2\/posts\/134529","targetHints":{"allow":["GET"]}}],"collection":[{"href":"https:\/\/rdnews.al\/index.php\/wp-json\/wp\/v2\/posts"}],"about":[{"href":"https:\/\/rdnews.al\/index.php\/wp-json\/wp\/v2\/types\/post"}],"author":[{"embeddable":true,"href":"https:\/\/rdnews.al\/index.php\/wp-json\/wp\/v2\/users\/4"}],"replies":[{"embeddable":true,"href":"https:\/\/rdnews.al\/index.php\/wp-json\/wp\/v2\/comments?post=134529"}],"version-history":[{"count":1,"href":"https:\/\/rdnews.al\/index.php\/wp-json\/wp\/v2\/posts\/134529\/revisions"}],"predecessor-version":[{"id":134531,"href":"https:\/\/rdnews.al\/index.php\/wp-json\/wp\/v2\/posts\/134529\/revisions\/134531"}],"wp:featuredmedia":[{"embeddable":true,"href":"https:\/\/rdnews.al\/index.php\/wp-json\/wp\/v2\/media\/134530"}],"wp:attachment":[{"href":"https:\/\/rdnews.al\/index.php\/wp-json\/wp\/v2\/media?parent=134529"}],"wp:term":[{"taxonomy":"category","embeddable":true,"href":"https:\/\/rdnews.al\/index.php\/wp-json\/wp\/v2\/categories?post=134529"},{"taxonomy":"post_tag","embeddable":true,"href":"https:\/\/rdnews.al\/index.php\/wp-json\/wp\/v2\/tags?post=134529"}],"curies":[{"name":"wp","href":"https:\/\/api.w.org\/{rel}","templated":true}]}}