{"id":134558,"date":"2026-01-27T09:49:16","date_gmt":"2026-01-27T09:49:16","guid":{"rendered":"https:\/\/rdnews.al\/?p=134558"},"modified":"2026-01-27T09:49:16","modified_gmt":"2026-01-27T09:49:16","slug":"tabaku-pranoni-propozimet-e-pd-per-kodin-penal-ligji-i-medias-jo-i-konsultuar","status":"publish","type":"post","link":"https:\/\/rdnews.al\/index.php\/2026\/01\/27\/tabaku-pranoni-propozimet-e-pd-per-kodin-penal-ligji-i-medias-jo-i-konsultuar\/","title":{"rendered":"Tabaku: Pranoni propozimet e PD p\u00ebr Kodin Penal! Ligji i medias jo i konsultuar!"},"content":{"rendered":"<p>Deputetja e PD, Jorida Tabaku i b\u00ebri thirrje kryeparlamentarit Niko Peleshi nga Kuvendi dhe mazhoranc\u00ebs n\u00eb sall\u00eb, q\u00eb t\u00eb hiqen m\u00eb shum\u00eb se 4 projektligje q\u00eb pranoi grupi i mazhoranc\u00ebs p\u00ebr t\u2019i hequr nga rendi i dit\u00ebs.<\/p>\n<p>Ajo tha se, ligjet p\u00ebr lobimin, armatimin, median, Kodin penal dhe m\u00eb gjer\u00eb, nuk jan\u00eb konsultuar, nuk kan\u00eb dakord\u00ebsin\u00eb as t\u00eb opozit\u00ebs, as t\u00eb grupeve t\u00eb interesit dhe as t\u00eb nd\u00ebrkomb\u00ebtar\u00ebve.<\/p>\n<p>Tabaku apeloi p\u00ebr koleg\u00ebt q\u00eb t\u2019i bashkoheshin propozimeve t\u00eb PD p\u00ebr ndryshimet n\u00eb Kodin penal, q\u00eb kan\u00eb edhe dakord\u00ebsin\u00eb e Komisionit Evropian.<\/p>\n<p>&#8220;I bashkohem shqet\u00ebsimit p\u00ebrsa i p\u00ebrket procedur\u00ebs legjislative, nuk \u00ebsht\u00eb e mjaftueshme q\u00eb vet\u00ebm 4 ligje t\u00eb hiqen nga rendi i dit\u00ebs. Si p\u00ebr shembull ligji p\u00ebr lobimin, nuk \u00ebsht\u00eb konsultuar. T\u00eb gjitha vijn\u00eb n\u00eb minimumin e koh\u00ebs p\u00ebr kalim n\u00eb Kuvend dhe kjo nuk \u00ebsht\u00eb normale, nuk jan\u00eb diskutuar, as me grupet e interesit.<\/p>\n<p>Ligji p\u00ebr armatimet, gjithashtu \u00ebsht\u00eb problematik, duhet diskutuar m\u00eb gjer\u00eb dhe duhet koh\u00eb. Nuk kan\u00eb kryer konsultimin publik dhe un\u00eb kam shqet\u00ebsime edhe nga shoq\u00ebria civile. Ndryshimet e Kodit Penal nuk jan\u00eb diskutuar, sikurse ndryshimet p\u00ebr Ligjin p\u00ebr Mediat, t\u00eb padiskutuara, t\u00eb parekorduara, me masa shtr\u00ebnguese p\u00ebrsa i p\u00ebrket penaliteteve ndaj qytetar\u00ebt.<\/p>\n<p>Ka nevoj\u00eb q\u00eb procesi parlamentar t\u00eb jet\u00eb transparent, gjithp\u00ebrfshir\u00ebs, nuk duhet t\u2019i diskutojm\u00eb p\u00ebr gjysm\u00eb ore k\u00ebto projektligje. T\u2019i diskutojm\u00eb jo vet\u00ebm n\u00eb Komisione, por edhe me grupet e interesit&#8221;, tha Tabaku.<\/p>\n","protected":false},"excerpt":{"rendered":"<p>Deputetja e PD, Jorida Tabaku i b\u00ebri thirrje kryeparlamentarit Niko Peleshi nga Kuvendi dhe mazhoranc\u00ebs n\u00eb sall\u00eb, q\u00eb t\u00eb hiqen m\u00eb shum\u00eb se 4 projektligje q\u00eb pranoi grupi i mazhoranc\u00ebs p\u00ebr t\u2019i hequr nga rendi i dit\u00ebs. Ajo tha se, ligjet p\u00ebr lobimin, armatimin, median, Kodin penal dhe m\u00eb gjer\u00eb, nuk jan\u00eb konsultuar, nuk kan\u00eb &hellip;<\/p>\n","protected":false},"author":4,"featured_media":134559,"comment_status":"closed","ping_status":"closed","sticky":false,"template":"","format":"standard","meta":{"footnotes":""},"categories":[37],"tags":[],"class_list":["post-134558","post","type-post","status-publish","format-standard","has-post-thumbnail","","category-politike"],"_links":{"self":[{"href":"https:\/\/rdnews.al\/index.php\/wp-json\/wp\/v2\/posts\/134558","targetHints":{"allow":["GET"]}}],"collection":[{"href":"https:\/\/rdnews.al\/index.php\/wp-json\/wp\/v2\/posts"}],"about":[{"href":"https:\/\/rdnews.al\/index.php\/wp-json\/wp\/v2\/types\/post"}],"author":[{"embeddable":true,"href":"https:\/\/rdnews.al\/index.php\/wp-json\/wp\/v2\/users\/4"}],"replies":[{"embeddable":true,"href":"https:\/\/rdnews.al\/index.php\/wp-json\/wp\/v2\/comments?post=134558"}],"version-history":[{"count":1,"href":"https:\/\/rdnews.al\/index.php\/wp-json\/wp\/v2\/posts\/134558\/revisions"}],"predecessor-version":[{"id":134560,"href":"https:\/\/rdnews.al\/index.php\/wp-json\/wp\/v2\/posts\/134558\/revisions\/134560"}],"wp:featuredmedia":[{"embeddable":true,"href":"https:\/\/rdnews.al\/index.php\/wp-json\/wp\/v2\/media\/134559"}],"wp:attachment":[{"href":"https:\/\/rdnews.al\/index.php\/wp-json\/wp\/v2\/media?parent=134558"}],"wp:term":[{"taxonomy":"category","embeddable":true,"href":"https:\/\/rdnews.al\/index.php\/wp-json\/wp\/v2\/categories?post=134558"},{"taxonomy":"post_tag","embeddable":true,"href":"https:\/\/rdnews.al\/index.php\/wp-json\/wp\/v2\/tags?post=134558"}],"curies":[{"name":"wp","href":"https:\/\/api.w.org\/{rel}","templated":true}]}}