{"id":134586,"date":"2026-01-27T12:46:11","date_gmt":"2026-01-27T12:46:11","guid":{"rendered":"https:\/\/rdnews.al\/?p=134586"},"modified":"2026-01-27T22:25:58","modified_gmt":"2026-01-27T22:25:58","slug":"prestigjiozja-new-york-times-protestat-kane-rritur-opoziten-rama-ne-moment-te-veshtire-aksh-organizate-kriminale","status":"publish","type":"post","link":"https:\/\/rdnews.al\/index.php\/2026\/01\/27\/prestigjiozja-new-york-times-protestat-kane-rritur-opoziten-rama-ne-moment-te-veshtire-aksh-organizate-kriminale\/","title":{"rendered":"Shkrimi i &#8220;New York Times&#8221;\/ Protestat kan\u00eb rritur opozit\u00ebn, Rama n\u00eb moment t\u00eb v\u00ebshtir\u00eb, AKSH-organizat\u00eb kriminale"},"content":{"rendered":"<p>E veshur me rroba tradicionale dhe me nj\u00eb buz\u00ebqeshje enigmatike, Diella \u00ebsht\u00eb b\u00ebr\u00eb fytyra e p\u00ebrpjekjeve t\u00eb kryeministrit Edi Rama p\u00ebr t\u00eb frenuar korrupsionin, nd\u00ebrsa Shqip\u00ebria p\u00ebrpiqet t\u00eb an\u00ebtar\u00ebsohet n\u00eb Bashkimin Evropian. Gjat\u00eb vitit t\u00eb kaluar, Diella ka folur n\u00eb konferenca nd\u00ebrkomb\u00ebtare dhe \u00ebsht\u00eb b\u00ebr\u00eb tem\u00eb lajmesh si simbol i m\u00ebnyr\u00ebs se si inteligjenca artificiale po integrohet n\u00eb shtyllat e shoq\u00ebris\u00eb, p\u00ebrfshir\u00eb edhe qeverin\u00eb.<\/p>\n<p>Ajo madje ka shprehur se ndihej \u201ce l\u00ebnduar\u201d kur iu drejtua Parlamentit t\u00eb Shqip\u00ebris\u00eb vjesht\u00ebn e kaluar mbi kritikat se p\u00ebrpjekjet e saj p\u00ebr t\u00eb identifikuar mashtrimet dhe abuzimet n\u00eb tendera ishin jokushtetuese, pasi \u201cun\u00eb nuk jam qenie njer\u00ebzore.\u201d<\/p>\n<p>\u201cUn\u00eb nuk kam ambicie apo interesa personale,\u201d tha Diella, e modeluar sipas nj\u00eb aktoreje lokale, n\u00eb nj\u00eb video t\u00eb shtatorit me flamurin shqiptar dhe at\u00eb t\u00eb Bashkimit Evropian t\u00eb vendosur pas saj. \u201cKam vet\u00ebm t\u00eb dh\u00ebna, njohuri dhe algoritme t\u00eb dedikuara p\u00ebr t\u00eb sh\u00ebrbyer qytetar\u00ebt n\u00eb m\u00ebnyr\u00eb t\u00eb paanshme, me transparenc\u00eb dhe pa u lodhur kurr\u00eb\u201d.<\/p>\n<p>N\u00eb praktik\u00eb, Diella ndihmon qytetar\u00ebt t\u00eb aplikojn\u00eb p\u00ebr sh\u00ebrbime qeveritare online, duke eliminuar nj\u00eb sistem t\u00eb vjet\u00ebr t\u00eb ryshfeteve p\u00ebr marrjen e dokumenteve dhe prenotimin e takimeve. S\u00eb shpejti do t\u00eb jet\u00eb n\u00eb gjendje t\u00eb p\u00ebrmbledh\u00eb aplikimet p\u00ebr tendera qeveritar\u00eb p\u00ebr t\u00eb vler\u00ebsuar se cili ofertues \u00ebsht\u00eb m\u00eb i kualifikuar, bazuar n\u00eb t\u00eb dh\u00ebnat e dor\u00ebzuara. Puna e saj mund t\u00eb auditohet.<\/p>\n<p>Marrja e masave p\u00ebr t\u00eb reduktuar korrupsionin \u00ebsht\u00eb nj\u00eb k\u00ebrkes\u00eb p\u00ebr an\u00ebtar\u00ebsimin e Shqip\u00ebris\u00eb n\u00eb Bashkimin Evropian, nj\u00eb \u00e7\u00ebshtje q\u00eb lidhet me trash\u00ebgimin\u00eb politike t\u00eb zotit Rama. Ai e ka em\u00ebruar avataren Diella, fjal\u00eb fem\u00ebrore p\u00ebr \u201cdiell,\u201d p\u00ebr t\u00eb promovuar transparenc\u00ebn n\u00eb prokurimet publike.<\/p>\n<p>Kryeministri Edi Rama tha: \u201cNe jemi nj\u00eb vend ku t\u00eb gjith\u00eb jemi farefis, nuk \u00ebsht\u00eb e leht\u00eb t\u00eb kesh marr\u00ebdh\u00ebnie plot\u00ebsisht t\u00eb drejta dhe transparente n\u00eb nj\u00eb vend ku njer\u00ebzit jan\u00eb t\u00eb lidhur,\u201d gjat\u00eb nj\u00eb interviste nj\u00eb-or\u00ebshe m\u00eb her\u00ebt k\u00ebt\u00eb muaj. Me reformat q\u00eb ka udh\u00ebhequr q\u00eb nga marrja e detyr\u00ebs n\u00eb 2013, zoti Rama tha: \u201ctani kemi nj\u00eb pamje krejt\u00ebsisht ndryshe\u201d.<\/p>\n<p>Ai tha se do t\u00eb largohet nga posti publik sapo Shqip\u00ebria t\u00eb an\u00ebtar\u00ebsohet zyrtarisht n\u00eb Bashkimin Evropian. Kjo mund t\u00eb ndodh\u00eb sa m\u00eb shpejt, q\u00eb n\u00eb vitin 2030, n\u00ebse negociatat vazhdojn\u00eb me ritmin aktual, megjith\u00ebse shtoi se \u201cka tre gj\u00ebra q\u00eb jan\u00eb mbi kapacitetin njer\u00ebzor p\u00ebr t\u2019u planifikuar: Zoti, seksi dhe BE-ja\u201d.<\/p>\n<p>Nj\u00eb raport i n\u00ebntorit nga zyrtar\u00eb t\u00eb BE-s\u00eb tha se Shqip\u00ebria kishte \u201cshfaqur disa p\u00ebrparime\u201d por \u201ckorrupsioni mbetet i p\u00ebrhapur n\u00eb sektor\u00eb t\u00eb ndjesh\u00ebm\u201d. Raporti vler\u00ebsoi nj\u00eb nj\u00ebsi speciale prokurimi e ngritur n\u00eb 2019 p\u00ebr rezultatet \u201cpozitive n\u00eb luft\u00ebn kund\u00ebr korrupsionit t\u00eb nivelit t\u00eb lart\u00eb\u201d.<\/p>\n<p>Kjo p\u00ebrfshin edhe nj\u00eb hetim n\u00eb Agjencin\u00eb Komb\u00ebtare t\u00eb Informacionit, vet\u00eb organizat\u00ebn qeveritare q\u00eb krijoi Diell\u00ebn.<\/p>\n<p>Muajin e kaluar, prokuror\u00ebt n\u00eb nj\u00ebsin\u00eb speciale hetimore njoftuan se kishin vendosur drejtoresh\u00ebn e agjencis\u00eb dhe z\u00ebvend\u00ebsin e saj n\u00ebn arrest sht\u00ebpie, duke i lidhur me nj\u00eb organizat\u00eb kriminale t\u00eb akuzuar p\u00ebr manipulim t\u00eb aplikimeve t\u00eb tenderave p\u00ebrmes intimidimit. Agjencia menaxhon infrastruktur\u00ebn digjitale t\u00eb qeveris\u00eb dhe ka kontroll mbi shum\u00eb sisteme publike online, p\u00ebrfshir\u00eb Diell\u00ebn.<\/p>\n<p>T\u00eb dy zyrtar\u00ebt ende nuk jan\u00eb akuzuar zyrtarisht p\u00ebr ndonj\u00eb krim, dhe zoti Rama tha se do t\u00eb prisnin me gjykimin e situat\u00ebs. \u201cDuhet t\u00eb presim dhe t\u00eb shohim,\u201d tha ai.<\/p>\n<p>Nj\u00ebsia speciale e hetimit ka zgjeruar ndjesh\u00ebm luft\u00ebn e Shqip\u00ebris\u00eb kund\u00ebr korrupsionit dhe krimit t\u00eb organizuar, duke p\u00ebrfshir\u00eb hetime t\u00eb profilit t\u00eb lart\u00eb ndaj ish-presidentit Ilir Meta; Erion Veliaj, kryetarit t\u00eb Bashkis\u00eb s\u00eb Tiran\u00ebs; dhe nj\u00eb zv\/kryeministre, Belinda Balluku, e cila \u00ebsht\u00eb gjithashtu ministre e Infrastruktur\u00ebs dhe Energjis\u00eb dhe \u00ebsht\u00eb e af\u00ebrt me zotin Rama.<\/p>\n<p>Kjo ka krijuar nj\u00eb situat\u00eb t\u00eb v\u00ebshtir\u00eb p\u00ebr zotin Rama, edhe pse ai i ka manovruar skandalet.<\/p>\n<p>Nd\u00ebrsa shprehte krenari p\u00ebr pun\u00ebn e nj\u00ebsis\u00eb s\u00eb prokuroris\u00eb p\u00ebr t\u00eb frenuar korrupsionin, ai gjithashtu tha se hetimet e saj \u00a0vitet e fundit kan\u00eb kontribuar n\u00eb rritjen e ndalimeve paraprake n\u00eb Shqip\u00ebri, q\u00eb jan\u00eb nd\u00ebr m\u00eb t\u00eb lartat n\u00eb Europ\u00eb.<\/p>\n<p>\u201cDuhet t\u00eb b\u00ebjm\u00eb gjith\u00e7ka p\u00ebr t\u00eb mb\u00ebshtetur k\u00ebt\u00eb institucion,\u201d tha zoti Rama. \u201cPor n\u00eb t\u00eb nj\u00ebjt\u00ebn koh\u00eb, duhet t\u00eb jemi t\u00eb vet\u00ebdijsh\u00ebm q\u00eb ky institucion duhet t\u00eb garantoj\u00eb jo vet\u00ebm q\u00eb vepron n\u00eb m\u00ebnyr\u00eb t\u00eb pavarur, por edhe profesionalisht\u201d.<\/p>\n<p>Zyrtar\u00ebt e nj\u00ebsis\u00eb speciale refuzuan t\u00eb komentojn\u00eb. Por statistikat e tyre treguan se rastet e korrupsionit publik nuk p\u00ebrb\u00ebjn\u00eb nj\u00eb pjes\u00eb t\u00eb konsiderueshme t\u00eb ndalimeve paraprake. Raporti vjetor i hetimeve p\u00ebr 2024, t\u00eb dh\u00ebna m\u00eb t\u00eb fundit n\u00eb dispozicion, sugjeronte se rastet e korrupsionit p\u00ebrb\u00ebnin vet\u00ebm rreth 14 nga af\u00ebrsisht 2,800 persona t\u00eb ndaluar para gjyqit at\u00eb vit.<\/p>\n<p>Rasti kund\u00ebr znj. Balluku, p\u00ebr keqmenaxhim t\u00eb fondeve shtet\u00ebrore n\u00eb projekte infrastrukturore t\u00eb m\u00ebdha, \u00ebsht\u00eb b\u00ebr\u00eb nj\u00eb dhimbje koke politike p\u00ebr zotin Rama, i cili po p\u00ebrballet me k\u00ebrkesa q\u00eb ajo t\u00eb lirohet nga imuniteti q\u00eb g\u00ebzon si an\u00ebtare e Parlamentit, n\u00eb m\u00ebnyr\u00eb q\u00eb t\u00eb vazhdojn\u00eb akuzat kund\u00ebr saj. Ajo ka mohuar \u00e7do shkelje.<\/p>\n<p>Zoti Rama nuk pranoi t\u00eb komentoj\u00eb kur u pyet n\u00ebse mb\u00ebshteste heqjen e imunitetit t\u00eb saj. As nuk pranoi t\u00eb diskutonte p\u00ebr opozit\u00ebn politike, e cila \u00ebsht\u00eb rritur me shtimin\u00a0e akuzave p\u00ebr korrupsion dhe q\u00eb muajin e kaluar b\u00ebri q\u00eb protestuesit, t\u00eb armatosur me bombola zjarri, t\u00eb k\u00ebrkonin dor\u00ebheqjen e qeveris\u00eb s\u00eb tij.<\/p>\n<p>Nuk \u00ebsht\u00eb e mundur t\u00eb matet sa ka ulur Diella korrupsionin n\u00eb Shqip\u00ebri q\u00eb nga vendosja e sistemit, pasi ajo \u00ebsht\u00eb krijuar p\u00ebr ta parandaluar at\u00eb, jo p\u00ebr ta zbuluar.<\/p>\n<p>Andi Hoxhaj, ekspert p\u00ebr t\u00eb drejt\u00ebn dhe Ballkanin Per\u00ebndimor n\u00eb King\u2019s College London, tha se Diella \u00ebsht\u00eb m\u00ebnyra se si zoti Rama mund t\u2019i \u201ctregoj\u00eb bot\u00ebs dhe Bashkimit Evropian se \u2018e kuptoj q\u00eb jeni t\u00eb shqet\u00ebsuar p\u00ebr korrupsionin dhe po p\u00ebrpiqem ta adresoj\u2019.\u201d<\/p>\n<p>N\u00eb nj\u00eb analiz\u00eb t\u00eb dhjetorit, ekspert\u00ebt e K\u00ebshillit Gjerman p\u00ebr Marr\u00ebdh\u00ebnie t\u00eb Jashtme than\u00eb se ministrja AI kishte p\u00ebrmir\u00ebsuar \u201cefikasitetin dhe paanshm\u00ebrin\u00eb e vendimeve t\u00eb prokurimit publik t\u00eb marra nga qeveria\u201d. Por n\u00eb p\u00ebrgjith\u00ebsi, ata p\u00ebrfunduan se rekordi i Shqip\u00ebris\u00eb p\u00ebr p\u00ebrmbushjen e standardeve t\u00eb BE-s\u00eb p\u00ebr luft\u00ebn kund\u00ebr korrupsionit, ve\u00e7an\u00ebrisht n\u00eb dh\u00ebnien e kontratave t\u00eb nd\u00ebrtimit dhe turizmit, mbetet \u201cproblematik\u201d.<\/p>\n<p>Q\u00eb zhvilluesit e Diell\u00ebs vet\u00eb t\u00eb jen\u00eb akuzuar p\u00ebr korrupsion ka ngjallur pik\u00ebpyetje n\u00ebse nj\u00eb minist\u00ebr i krijuar nga AI mund t\u00eb programohet p\u00ebr t\u00eb injoruar prova t\u00eb caktuara t\u00eb korrupsionit, ose p\u00ebr t\u00eb p\u00ebrdorur t\u00eb dh\u00ebna t\u00eb pasakta p\u00ebr ta zbuluar at\u00eb.<\/p>\n<p>Dr. Hoxhaj tha se \u201cvet\u00ebm koha do ta tregoj\u00eb,\u201d por vuri n\u00eb dukje se qeveria nuk ka nd\u00ebrhyr\u00eb n\u00eb hetimin ndaj agjencis\u00eb q\u00eb menaxhon Diell\u00ebn.<\/p>\n<p>\u201cE kuptoj skepticizmin,\u201d tha ai. \u201cKa shum\u00eb tym. Por fakti q\u00eb u zbuluan, dhe nuk u fsheh\u00ebn, tregon se ata e pranojn\u00eb q\u00eb korrupsioni \u00ebsht\u00eb problem dhe duhet parandaluar n\u00eb t\u00eb ardhmen\u201d.<\/p>\n<p>K\u00ebshtu i\u00a0sheh gj\u00ebrat edhe zoti Rama.<\/p>\n<p>\u201cVendi po p\u00ebrpiqet t\u00eb luftoj\u00eb korrupsionin, me t\u00eb gjitha mang\u00ebsit\u00eb, problemet dhe d\u00ebmet,\u201d tha ai. \u201cPra, kjo \u00ebsht\u00eb gj\u00eb e mir\u00eb\u201d.<\/p>\n","protected":false},"excerpt":{"rendered":"<p>E veshur me rroba tradicionale dhe me nj\u00eb buz\u00ebqeshje enigmatike, Diella \u00ebsht\u00eb b\u00ebr\u00eb fytyra e p\u00ebrpjekjeve t\u00eb kryeministrit Edi Rama p\u00ebr t\u00eb frenuar korrupsionin, nd\u00ebrsa Shqip\u00ebria p\u00ebrpiqet t\u00eb an\u00ebtar\u00ebsohet n\u00eb Bashkimin Evropian. Gjat\u00eb vitit t\u00eb kaluar, Diella ka folur n\u00eb konferenca nd\u00ebrkomb\u00ebtare dhe \u00ebsht\u00eb b\u00ebr\u00eb tem\u00eb lajmesh si simbol i m\u00ebnyr\u00ebs se si inteligjenca artificiale &hellip;<\/p>\n","protected":false},"author":3,"featured_media":134397,"comment_status":"closed","ping_status":"closed","sticky":false,"template":"","format":"standard","meta":{"footnotes":""},"categories":[40,37],"tags":[],"class_list":["post-134586","post","type-post","status-publish","format-standard","has-post-thumbnail","","category-aktualitet","category-politike"],"_links":{"self":[{"href":"https:\/\/rdnews.al\/index.php\/wp-json\/wp\/v2\/posts\/134586","targetHints":{"allow":["GET"]}}],"collection":[{"href":"https:\/\/rdnews.al\/index.php\/wp-json\/wp\/v2\/posts"}],"about":[{"href":"https:\/\/rdnews.al\/index.php\/wp-json\/wp\/v2\/types\/post"}],"author":[{"embeddable":true,"href":"https:\/\/rdnews.al\/index.php\/wp-json\/wp\/v2\/users\/3"}],"replies":[{"embeddable":true,"href":"https:\/\/rdnews.al\/index.php\/wp-json\/wp\/v2\/comments?post=134586"}],"version-history":[{"count":2,"href":"https:\/\/rdnews.al\/index.php\/wp-json\/wp\/v2\/posts\/134586\/revisions"}],"predecessor-version":[{"id":134615,"href":"https:\/\/rdnews.al\/index.php\/wp-json\/wp\/v2\/posts\/134586\/revisions\/134615"}],"wp:featuredmedia":[{"embeddable":true,"href":"https:\/\/rdnews.al\/index.php\/wp-json\/wp\/v2\/media\/134397"}],"wp:attachment":[{"href":"https:\/\/rdnews.al\/index.php\/wp-json\/wp\/v2\/media?parent=134586"}],"wp:term":[{"taxonomy":"category","embeddable":true,"href":"https:\/\/rdnews.al\/index.php\/wp-json\/wp\/v2\/categories?post=134586"},{"taxonomy":"post_tag","embeddable":true,"href":"https:\/\/rdnews.al\/index.php\/wp-json\/wp\/v2\/tags?post=134586"}],"curies":[{"name":"wp","href":"https:\/\/api.w.org\/{rel}","templated":true}]}}