{"id":134590,"date":"2026-01-27T13:34:42","date_gmt":"2026-01-27T13:34:42","guid":{"rendered":"https:\/\/rdnews.al\/?p=134590"},"modified":"2026-01-27T13:34:42","modified_gmt":"2026-01-27T13:34:42","slug":"gjekmarkaj-kemi-perballe-nje-grusht-shteti-institucional-nje-marrje-peng-te-drejtesise","status":"publish","type":"post","link":"https:\/\/rdnews.al\/index.php\/2026\/01\/27\/gjekmarkaj-kemi-perballe-nje-grusht-shteti-institucional-nje-marrje-peng-te-drejtesise\/","title":{"rendered":"Gjekmarkaj: Kemi p\u00ebrball\u00eb nj\u00eb grusht shteti institucional, nj\u00eb marrje peng t\u00eb drejt\u00ebsis\u00eb!"},"content":{"rendered":"<p>Deputeti i PD, Agron Gjekmarkaj n\u00eb fjalimin e mbajtur n\u00eb Kuvend akuzoi mazhoranc\u00ebn p\u00ebr kapje t\u00eb shtetit, nd\u00ebrsa denoncoi ekzistenc\u00ebn e nj\u00eb figure informale me pushtet absolut, t\u00eb cilin e identifikoi si \u201cGysi i Republik\u00ebs\u201d.<\/p>\n<p>Ai reagoi ndaj Taulant Ball\u00ebs, i cili p\u00ebrdori terminologji fyese ndaj protestuesve dhe opozitar\u00ebve, duke i quajtur \u201clapangjoz\u00eb\u201d, nd\u00ebrsa gjuh\u00ebn e p\u00ebrdorur, Gjekmarkaj e krahasoi me retorik\u00ebn e regjimit komunist t\u00eb Ramiz Alis\u00eb n\u00eb vitin 1990.<\/p>\n<p>Gjekmarkaj tha se, reagimi qytetar nuk ishte i pabaz\u00eb, por nj\u00eb p\u00ebrgjigje ndaj skandaleve, korrupsionit dhe pengimit t\u00eb drejt\u00ebsis\u00eb. Sipas tij, mazhoranca ka v\u00ebn\u00eb dor\u00eb mbi hetimet, ka kapur institucionet dhe po zhb\u00ebn drejt\u00ebsin\u00eb, nd\u00ebrkoh\u00eb q\u00eb p\u00ebrdor nj\u00eb retorik\u00eb hipokrite p\u00ebr pavar\u00ebsin\u00eb e saj.<\/p>\n<p><strong>Fjala e Gjekmarkajt<\/strong><\/p>\n<p>Por ju nuk mund t\u00eb b\u00ebheni sikur nuk e shikoni kolegun tuaj, n\u00ebnkryetarin e kuvendit, q\u00eb k\u00ebrkon fjal\u00ebn p\u00ebr procedur\u00eb, nj\u00eb instrument t\u00eb cilin un\u00eb nuk e p\u00ebrdor shum\u00eb shpesh dhe nuk mund t\u00eb merrni urdh\u00ebr nga salla sepse i prishet qejfi Taulant Ball\u00ebs dhe mbyllni seanc\u00ebn p\u00ebr pes\u00eb minuta n\u00eb nj\u00eb koh\u00eb q\u00eb zoti Balla fyu protestuesit, fyu opozitar\u00ebt me nj\u00eb term t\u00eb pahijsh\u00ebm, nj\u00eb term i cili meriton nd\u00ebshkim, ose t\u00eb pakt\u00ebn nga kryetari i grupit t\u00eb Partis\u00eb Socialiste, do t\u00eb duhej nj\u00eb ndjes\u00eb publike. Nuk mund t&#8217;i quash lapanxhoz protestuesit. Kjo \u00ebsht\u00eb gjuha q\u00eb ka p\u00ebrdorur Ramiz Alia dhe Xhelil Gjoni n\u00eb vitin 1990 ndaj shqiptar\u00ebve q\u00eb hyjn\u00eb n\u00eb ambasada, ndaj n\u00eb mitingun fam\u00ebzi q\u00eb u b\u00eb n\u00eb sheshin Sk\u00ebnderbej.<\/p>\n<p>Ju duhet t\u00eb njihni arsyet pse protestuesit reaguan, pse u ngrit\u00ebn kund\u00ebr dhe u p\u00ebrball\u00ebn me me gaz lotsjell\u00ebs, me makina uji, me arrestime dhe me dhun\u00eb nga ana e policis\u00eb. Jan\u00eb skandalet, \u00ebsht\u00eb korrupsioni, \u00ebsht\u00eb pengimi q\u00eb i b\u00ebni drejt\u00ebsis\u00eb, \u00ebsht\u00eb taksidari i Republik\u00ebs, Gysi q\u00eb ju rreh ministrat dhe deputet\u00ebt, sekseri i shtetit, ai q\u00eb i ka ngritur shqiptar\u00ebt n\u00eb protest\u00eb. Ndaj zoti Balla, si parlamentar i vjet\u00ebr q\u00eb jeni, mendoj q\u00eb duhet t\u00eb k\u00ebrkoni nj\u00eb ndjes\u00eb publike ndaj shqiptar\u00ebve q\u00eb protestuan dhe i fyet, ndaj opozitar\u00ebve q\u00eb i provokuat sot n\u00eb k\u00ebt\u00eb sall\u00eb.<\/p>\n<p>M\u00eb 24 janar, qytetar\u00ebt dol\u00ebn n\u00eb rrug\u00eb jo p\u00ebr spektak\u00ebl, por sepse heshtja po e shnd\u00ebrronte shoq\u00ebrin\u00eb shqiptare n\u00eb bashk\u00ebfajtore. Ju nuk e keni lexuar si duhet at\u00eb mas\u00eb t\u00eb madhe qytetar\u00ebsh. Ajo nuk ishte nj\u00eb protest\u00eb politike, ishte vrasja e frik\u00ebs, ishte \u00e7asti kur qytetar\u00ebt vendos\u00ebn t\u00eb mos n\u00ebnshtrohen m\u00eb. Sepse kur frika vritet, pushteti fillon t\u00eb dridhet. Ndaj ju sot jeni m\u00eb t\u00eb zbeht\u00eb dhe do t\u00eb keni qehre m\u00eb t\u00eb keqe nes\u00ebr. Pranvera do t\u00eb jet\u00eb nj\u00eb stin\u00eb ankthi p\u00ebr ju. Qytetar\u00ebt, aksioner\u00ebt e Republik\u00ebs, kan\u00eb kuptuar q\u00eb nuk kemi p\u00ebrball\u00eb thjesht skandale, bab\u00ebzi dhe hajdut\u00ebri. Kemi p\u00ebrball\u00eb di\u00e7ka shum\u00eb m\u00eb t\u00eb r\u00ebnd\u00eb. Nj\u00eb grusht shteti institucional, nj\u00eb marrje peng t\u00eb drejt\u00ebsis\u00eb.<\/p>\n<p>Ju keni v\u00ebn\u00eb dor\u00eb mbi hetimet, keni kapur institucionet, po zhb\u00ebni drejt\u00ebsin\u00eb dhe retorik\u00ebn hipokrite t\u00eb k\u00ebtyre viteve ku na flisni si paladin\u00eb t\u00eb drejt\u00ebsis\u00eb s\u00eb pavarur. T\u00eb p\u00ebrdor\u00ebsh termin keqqeverisje do t\u00eb ishte p\u00ebrk\u00ebdhelje, l\u00ebvdatim. Por jo, n\u00eb fakt kemi t\u00eb b\u00ebjm\u00eb me nj\u00eb kapje t\u00eb shtetit, me nj\u00eb kast\u00eb mafioze n\u00eb krye t\u00eb tij. N\u00eb qend\u00ebr t\u00eb k\u00ebsaj kapje, pas figur\u00ebs formale t\u00eb z\u00ebvend\u00ebskryeministres Balluku, q\u00ebndron nj\u00eb figur\u00eb informale, nj\u00eb njeri pa mandat, por me pushtet absolut dhe vese absolute. Ky \u00ebsht\u00eb Gysi i Republik\u00ebs. Ai q\u00eb i kompanis\u00eb ministrat tuaj, ai q\u00eb \u00e7orton deputet\u00ebt, ai q\u00eb koordinon interesa, tendera dhe ndikim. Ai q\u00eb koordinon krimin dhe pushtetin pa firm\u00eb, por me urdh\u00ebr. Ky nuk \u00ebsht\u00eb shtet ligjor. Ky \u00ebsht\u00eb regjim klientelist, pa din, pa imam dhe pa fytyr\u00eb. Ka thjesht surrat.<\/p>\n","protected":false},"excerpt":{"rendered":"<p>Deputeti i PD, Agron Gjekmarkaj n\u00eb fjalimin e mbajtur n\u00eb Kuvend akuzoi mazhoranc\u00ebn p\u00ebr kapje t\u00eb shtetit, nd\u00ebrsa denoncoi ekzistenc\u00ebn e nj\u00eb figure informale me pushtet absolut, t\u00eb cilin e identifikoi si \u201cGysi i Republik\u00ebs\u201d. Ai reagoi ndaj Taulant Ball\u00ebs, i cili p\u00ebrdori terminologji fyese ndaj protestuesve dhe opozitar\u00ebve, duke i quajtur \u201clapangjoz\u00eb\u201d, nd\u00ebrsa gjuh\u00ebn &hellip;<\/p>\n","protected":false},"author":4,"featured_media":130765,"comment_status":"closed","ping_status":"closed","sticky":false,"template":"","format":"standard","meta":{"footnotes":""},"categories":[37],"tags":[],"class_list":["post-134590","post","type-post","status-publish","format-standard","has-post-thumbnail","","category-politike"],"_links":{"self":[{"href":"https:\/\/rdnews.al\/index.php\/wp-json\/wp\/v2\/posts\/134590","targetHints":{"allow":["GET"]}}],"collection":[{"href":"https:\/\/rdnews.al\/index.php\/wp-json\/wp\/v2\/posts"}],"about":[{"href":"https:\/\/rdnews.al\/index.php\/wp-json\/wp\/v2\/types\/post"}],"author":[{"embeddable":true,"href":"https:\/\/rdnews.al\/index.php\/wp-json\/wp\/v2\/users\/4"}],"replies":[{"embeddable":true,"href":"https:\/\/rdnews.al\/index.php\/wp-json\/wp\/v2\/comments?post=134590"}],"version-history":[{"count":1,"href":"https:\/\/rdnews.al\/index.php\/wp-json\/wp\/v2\/posts\/134590\/revisions"}],"predecessor-version":[{"id":134591,"href":"https:\/\/rdnews.al\/index.php\/wp-json\/wp\/v2\/posts\/134590\/revisions\/134591"}],"wp:featuredmedia":[{"embeddable":true,"href":"https:\/\/rdnews.al\/index.php\/wp-json\/wp\/v2\/media\/130765"}],"wp:attachment":[{"href":"https:\/\/rdnews.al\/index.php\/wp-json\/wp\/v2\/media?parent=134590"}],"wp:term":[{"taxonomy":"category","embeddable":true,"href":"https:\/\/rdnews.al\/index.php\/wp-json\/wp\/v2\/categories?post=134590"},{"taxonomy":"post_tag","embeddable":true,"href":"https:\/\/rdnews.al\/index.php\/wp-json\/wp\/v2\/tags?post=134590"}],"curies":[{"name":"wp","href":"https:\/\/api.w.org\/{rel}","templated":true}]}}