{"id":134604,"date":"2026-01-27T19:30:52","date_gmt":"2026-01-27T19:30:52","guid":{"rendered":"https:\/\/rdnews.al\/?p=134604"},"modified":"2026-01-27T19:30:52","modified_gmt":"2026-01-27T19:30:52","slug":"kellici-sa-here-degjoni-zvarritje-per-ballukun-kujtoni-hallin-qe-ka-rama","status":"publish","type":"post","link":"https:\/\/rdnews.al\/index.php\/2026\/01\/27\/kellici-sa-here-degjoni-zvarritje-per-ballukun-kujtoni-hallin-qe-ka-rama\/","title":{"rendered":"K\u00eblli\u00e7i: Sa her\u00eb d\u00ebgjoni zvarritje p\u00ebr Ballukun, kujtoni hallin q\u00eb ka Rama!"},"content":{"rendered":"<p><strong>Nga Belind KELLI\u00c7I<\/strong><\/p>\n<p>Sa her\u00eb d\u00ebgjoni zvarritje p\u00ebr Ballukun, kujtoni hallin q\u00eb ka Rama!<\/p>\n<p>Shtyrja e vendimit nga Gjykata Kushtetuese p\u00ebr Ballukun, \u00ebsht\u00eb nj\u00eb nga serit\u00eb e zvarritjes s\u00eb k\u00ebsaj \u00e7\u00ebshtje nga Edi Rama, p\u00ebr t\u00eb fituar koh\u00eb.<\/p>\n<p>\u00c7\u00ebshtja q\u00eb ka n\u00eb dor\u00eb Kushtetuesja, e v\u00ebn\u00eb n\u00eb l\u00ebvizje nga Kryeministri, pas k\u00ebrkes\u00ebs s\u00eb SPAK p\u00ebr pezullimin nga detyra t\u00eb Ballukut, nuk \u00ebsht\u00eb aq e komplikuar sa p\u00ebr t\u00eb marr\u00eb kaq shum\u00eb koh\u00eb.<\/p>\n<p>S&#8217;ka dyshim se zvarrritja vjen prej trysnis\u00eb q\u00eb po ushtron Edi Rama ndaj k\u00ebtij institucioni. Kjo shtyrje tregon presionin q\u00eb ai po ushtron, pesh\u00ebn e madhe q\u00eb ka v\u00ebn\u00eb mbi ata. Dhe kjo konfirmon hallin q\u00eb ka Kryeministri, jo shqet\u00ebsimin e tij konstitucional.<\/p>\n<p>Edi Ram\u00ebs ja prish gjumin laku q\u00eb po ngushtohet e BKH q\u00eb i afrohet atij vet\u00eb, q\u00eb troket n\u00eb Kryeministri, dhe jo balanca kushtetuese e pushteteve.<\/p>\n<p>Sikur ai vet\u00eb t\u00eb mos ishte i implikuar n\u00eb aferat Balluku, kjo padi e Ram\u00ebs n\u00eb Kushtetuese s&#8217;do ishte b\u00ebr\u00eb kurr\u00eb.<\/p>\n<p>Ndaj, pas \u00e7do ng\u00ebr\u00e7i, v\u00ebshtir\u00ebsie, apo zvarritje t\u00eb kesaj Gjykate, dallohet vet\u00ebm nj\u00eb gj\u00eb, portreti i Edi Ram\u00ebs dhe halli i tij.<\/p>\n<p>Shtyrje e fitim kohe me siguri do t\u00eb kemi s\u00ebrish dhe nes\u00ebr n\u00eb K\u00ebshillin e Mandateve e Rregullores n\u00eb Kuvend, ku do t\u00eb shqyrtohet k\u00ebrkesa e dyt\u00eb e SPAK p\u00ebr mas\u00eb m\u00eb t\u00eb fort\u00eb ndaj zv. Kryeministres, t\u00eb pandehur\u00ebs q\u00eb \u00ebsht\u00eb kapur duke k\u00ebrc\u00ebnuar d\u00ebshmitar\u00ebt.<\/p>\n<p>Zvarritja aty ka 2 muaj q\u00eb ndodh. E paprecedent\u00eb.<\/p>\n<p>Zvarritje me gjas\u00eb do ket\u00eb dhe nes\u00ebr. Dhe pas k\u00ebsaj, \u00e7do qytetar i k\u00ebtij vendi mund t\u00eb dalloj\u00eb qart\u00eb fytyr\u00ebn e Edi Ram\u00ebs dhe hallin e tij t\u00eb madh.<\/p>\n<p>Patjet\u00ebr se po t\u00eb mos jet\u00eb i implikuar vet\u00eb n\u00eb afer\u00ebn e tunelit, t\u00eb Unaz\u00ebs, e t\u00eb shum\u00eb tenderave t\u00eb tjer\u00eb, imuniteti i Ballukut do ishte dh\u00ebn\u00eb.<\/p>\n<p>Po t\u00eb mos ishte vet\u00eb i p\u00ebrfshir\u00eb, Rama do t\u00eb ishte dashnori i drejt\u00ebsis\u00eb. Meq\u00ebn\u00ebse hetimi shkon tek ai, k\u00ebtu pastaj nxjerr tiparin e v\u00ebrtet\u00eb si sunduesi q\u00eb pengon drejt\u00ebsin\u00eb.<\/p>\n<p>Sa her\u00eb p\u00ebr rastin Balluku do d\u00ebgjoni fjal\u00ebn zvarritje, kujtoni hallin e Ram\u00ebs!<\/p>\n","protected":false},"excerpt":{"rendered":"<p>Nga Belind KELLI\u00c7I Sa her\u00eb d\u00ebgjoni zvarritje p\u00ebr Ballukun, kujtoni hallin q\u00eb ka Rama! Shtyrja e vendimit nga Gjykata Kushtetuese p\u00ebr Ballukun, \u00ebsht\u00eb nj\u00eb nga serit\u00eb e zvarritjes s\u00eb k\u00ebsaj \u00e7\u00ebshtje nga Edi Rama, p\u00ebr t\u00eb fituar koh\u00eb. \u00c7\u00ebshtja q\u00eb ka n\u00eb dor\u00eb Kushtetuesja, e v\u00ebn\u00eb n\u00eb l\u00ebvizje nga Kryeministri, pas k\u00ebrkes\u00ebs s\u00eb SPAK p\u00ebr &hellip;<\/p>\n","protected":false},"author":4,"featured_media":134133,"comment_status":"closed","ping_status":"closed","sticky":false,"template":"","format":"standard","meta":{"footnotes":""},"categories":[37],"tags":[],"class_list":["post-134604","post","type-post","status-publish","format-standard","has-post-thumbnail","","category-politike"],"_links":{"self":[{"href":"https:\/\/rdnews.al\/index.php\/wp-json\/wp\/v2\/posts\/134604","targetHints":{"allow":["GET"]}}],"collection":[{"href":"https:\/\/rdnews.al\/index.php\/wp-json\/wp\/v2\/posts"}],"about":[{"href":"https:\/\/rdnews.al\/index.php\/wp-json\/wp\/v2\/types\/post"}],"author":[{"embeddable":true,"href":"https:\/\/rdnews.al\/index.php\/wp-json\/wp\/v2\/users\/4"}],"replies":[{"embeddable":true,"href":"https:\/\/rdnews.al\/index.php\/wp-json\/wp\/v2\/comments?post=134604"}],"version-history":[{"count":1,"href":"https:\/\/rdnews.al\/index.php\/wp-json\/wp\/v2\/posts\/134604\/revisions"}],"predecessor-version":[{"id":134605,"href":"https:\/\/rdnews.al\/index.php\/wp-json\/wp\/v2\/posts\/134604\/revisions\/134605"}],"wp:featuredmedia":[{"embeddable":true,"href":"https:\/\/rdnews.al\/index.php\/wp-json\/wp\/v2\/media\/134133"}],"wp:attachment":[{"href":"https:\/\/rdnews.al\/index.php\/wp-json\/wp\/v2\/media?parent=134604"}],"wp:term":[{"taxonomy":"category","embeddable":true,"href":"https:\/\/rdnews.al\/index.php\/wp-json\/wp\/v2\/categories?post=134604"},{"taxonomy":"post_tag","embeddable":true,"href":"https:\/\/rdnews.al\/index.php\/wp-json\/wp\/v2\/tags?post=134604"}],"curies":[{"name":"wp","href":"https:\/\/api.w.org\/{rel}","templated":true}]}}