{"id":134608,"date":"2026-01-27T21:33:46","date_gmt":"2026-01-27T21:33:46","guid":{"rendered":"https:\/\/rdnews.al\/?p=134608"},"modified":"2026-01-27T21:34:05","modified_gmt":"2026-01-27T21:34:05","slug":"rama-ne-gjendje-te-renduar-avokatet-e-protestuesve-sulmohen-ne-ambjentet-e-gjykatess","status":"publish","type":"post","link":"https:\/\/rdnews.al\/index.php\/2026\/01\/27\/rama-ne-gjendje-te-renduar-avokatet-e-protestuesve-sulmohen-ne-ambjentet-e-gjykatess\/","title":{"rendered":"Rama n\u00eb gjendje t\u00eb r\u00ebnduar\/ Avokat\u00ebt e protestuesve sulmohen n\u00eb ambjentet e gjykat\u00ebs"},"content":{"rendered":"<div class=\"x14z9mp xat24cr x1lziwak x1vvkbs xtlvy1s x126k92a\">\n<div dir=\"auto\"><strong>Marash LOGU<\/strong><\/div>\n<div dir=\"auto\"><\/div>\n<div dir=\"auto\">Nd\u00ebrkoh\u00eb q\u00eb prisnim me kolegen <span class=\"html-span xdj266r x14z9mp xat24cr x1lziwak xexx8yu xyri2b x18d9i69 x1c1uobl x1hl2dhg x16tdsg8 x1vvkbs\"><a class=\"x1i10hfl xjbqb8w x1ejq31n x18oe1m7 x1sy0etr xstzfhl x972fbf x10w94by x1qhh985 x14e42zd x9f619 x1ypdohk xt0psk2 x3ct3a4 xdj266r x14z9mp xat24cr x1lziwak xexx8yu xyri2b x18d9i69 x1c1uobl x16tdsg8 x1hl2dhg xggy1nq x1a2a7pz xkrqix3 x1sur9pj x1fey0fg x1s688f\" tabindex=\"0\" role=\"link\" href=\"https:\/\/www.facebook.com\/eda.grimci.official?__cft__[0]=AZYOWjqAYgx1f1hhQmTd9en7aPmOW_GMNh00u_YIVUXjGAqo2qy7o58UjMzt7XBqOGI_P_yABE1TS1pyOAXArosuSgY0Lyn8PFNwpae982Z83_xMygRAWwsHJTmlkrw0ywy4xH-qVEs3vC7fkBZCAfMicqAVlA474EuF9v_odlrTdD1J40qIWjv5voGolJya0mY&amp;__tn__=-]K-R\" target=\"_blank\" rel=\"noopener\"><span class=\"xt0psk2\"><span class=\"xjp7ctv\">Eda Grimci<\/span><\/span><\/a><\/span> shpalljen e vendimit gjyq\u00ebsor p\u00ebr arrestimet e paligjshme t\u00eb 19 protestuesve, nj\u00eb zot\u00ebri rreth t\u00eb 50-tave u afrua dhe filloi t\u00eb l\u00ebshonte sharje e k\u00ebrc\u00ebnime ndaj nesh dhe protestuesve. E gjitha n\u00eb prani t\u00eb t\u00eb pakt\u00ebn 10 punonj\u00ebsve t\u00eb Policis\u00eb s\u00eb Shtetit, t\u00eb cil\u00ebve derisa iu k\u00ebrkuam q\u00eb t\u00eb nd\u00ebrhynin, rrinin dhe b\u00ebnin sehir, pavar\u00ebsisht se po k\u00ebrc\u00ebnoheshin dy avokat\u00eb n\u00eb krye t\u00eb detyr\u00ebs.<\/div>\n<\/div>\n<div class=\"x14z9mp xat24cr x1lziwak x1vvkbs xtlvy1s x126k92a\">\n<div dir=\"auto\">Guximi i patronazhist\u00ebve mjeran\u00eb t\u00eb Edi Ram\u00ebs p\u00ebr t\u00eb sulmuar dhe k\u00ebrc\u00ebnuar n\u00eb ambientet e Gjykat\u00ebs protestuesit dhe avokat\u00ebt e opozit\u00ebs \u00ebsht\u00eb d\u00ebshmia flagrante se Edi Ram\u00ebn dhe pushtetin e tij e kan\u00eb l\u00ebshuar nervat. Ashtu si\u00e7 n\u00eb fakt u duk qartazi edhe n\u00eb protest\u00ebn e 24 janarit ku Policia dhunoi me t\u00eb gjitha mjetet arbitrare n\u00eb dispozicion protestues, gazetar\u00eb dhe qytetar\u00eb q\u00eb protestonin kund\u00ebr paligjshm\u00ebris\u00eb, abuzimit dhe korrupsionit qeveritar.<\/div>\n<\/div>\n<div class=\"x14z9mp xat24cr x1lziwak x1vvkbs xtlvy1s x126k92a\">\n<div dir=\"auto\">Por, Edi Rama dhe mjeran\u00ebt e tij gabohen r\u00ebnd\u00eb n\u00ebse mendojn\u00eb se me dhun\u00eb, sulme dhe k\u00ebrc\u00ebnime do t\u00eb trembin apo zbrapsin opozitar\u00ebt dhe qytetar\u00ebt e ndersh\u00ebm nga beteja e tyre p\u00ebr shtet t\u00eb s\u00eb drejt\u00ebs, demokraci funksionale dhe ekonomi t\u00eb zhvilluar. Protestuesit tan\u00eb brohorit\u00ebn sot me forc\u00eb n\u00eb ambientet e Gjykat\u00ebs &#8220;Rama IK&#8221;, duke d\u00ebshmuar m\u00eb s\u00eb miri se dhuna, arrestimet e paligjshme dhe k\u00ebrc\u00ebnimet vet\u00ebm na nxisin dhe motivojn\u00eb m\u00eb shum\u00eb.<\/div>\n<\/div>\n","protected":false},"excerpt":{"rendered":"<p>Marash LOGU Nd\u00ebrkoh\u00eb q\u00eb prisnim me kolegen Eda Grimci shpalljen e vendimit gjyq\u00ebsor p\u00ebr arrestimet e paligjshme t\u00eb 19 protestuesve, nj\u00eb zot\u00ebri rreth t\u00eb 50-tave u afrua dhe filloi t\u00eb l\u00ebshonte sharje e k\u00ebrc\u00ebnime ndaj nesh dhe protestuesve. E gjitha n\u00eb prani t\u00eb t\u00eb pakt\u00ebn 10 punonj\u00ebsve t\u00eb Policis\u00eb s\u00eb Shtetit, t\u00eb cil\u00ebve derisa iu &hellip;<\/p>\n","protected":false},"author":3,"featured_media":134609,"comment_status":"closed","ping_status":"closed","sticky":false,"template":"","format":"standard","meta":{"footnotes":""},"categories":[37],"tags":[],"class_list":["post-134608","post","type-post","status-publish","format-standard","has-post-thumbnail","","category-politike"],"_links":{"self":[{"href":"https:\/\/rdnews.al\/index.php\/wp-json\/wp\/v2\/posts\/134608","targetHints":{"allow":["GET"]}}],"collection":[{"href":"https:\/\/rdnews.al\/index.php\/wp-json\/wp\/v2\/posts"}],"about":[{"href":"https:\/\/rdnews.al\/index.php\/wp-json\/wp\/v2\/types\/post"}],"author":[{"embeddable":true,"href":"https:\/\/rdnews.al\/index.php\/wp-json\/wp\/v2\/users\/3"}],"replies":[{"embeddable":true,"href":"https:\/\/rdnews.al\/index.php\/wp-json\/wp\/v2\/comments?post=134608"}],"version-history":[{"count":2,"href":"https:\/\/rdnews.al\/index.php\/wp-json\/wp\/v2\/posts\/134608\/revisions"}],"predecessor-version":[{"id":134611,"href":"https:\/\/rdnews.al\/index.php\/wp-json\/wp\/v2\/posts\/134608\/revisions\/134611"}],"wp:featuredmedia":[{"embeddable":true,"href":"https:\/\/rdnews.al\/index.php\/wp-json\/wp\/v2\/media\/134609"}],"wp:attachment":[{"href":"https:\/\/rdnews.al\/index.php\/wp-json\/wp\/v2\/media?parent=134608"}],"wp:term":[{"taxonomy":"category","embeddable":true,"href":"https:\/\/rdnews.al\/index.php\/wp-json\/wp\/v2\/categories?post=134608"},{"taxonomy":"post_tag","embeddable":true,"href":"https:\/\/rdnews.al\/index.php\/wp-json\/wp\/v2\/tags?post=134608"}],"curies":[{"name":"wp","href":"https:\/\/api.w.org\/{rel}","templated":true}]}}