{"id":134635,"date":"2026-01-28T09:53:26","date_gmt":"2026-01-28T09:53:26","guid":{"rendered":"https:\/\/rdnews.al\/?p=134635"},"modified":"2026-01-28T09:54:14","modified_gmt":"2026-01-28T09:54:14","slug":"bardhi-parkimi-dysh-denohet-me-burg-por-po-vodhe-50-milion-euro-ulesh-ne-karrigen-e-ballukut","status":"publish","type":"post","link":"https:\/\/rdnews.al\/index.php\/2026\/01\/28\/bardhi-parkimi-dysh-denohet-me-burg-por-po-vodhe-50-milion-euro-ulesh-ne-karrigen-e-ballukut\/","title":{"rendered":"Parkimi dysh d\u00ebnohet me burg, por po vodhe 50 milion euro ulesh n\u00eb karrigen e Ballukut!"},"content":{"rendered":"<p>Kreu i Grupit Parlamentar t\u00eb PD, Gazment Bardhi ka deklaruar n\u00eb Kuvend se, Shqip\u00ebria \u00ebsht\u00eb i vetmi vend n\u00eb Europ\u00eb ku d\u00ebnohet me burg parkimi dysh.<\/p>\n<p>Bardhi tha se, kemi mbetur akoma me rrug\u00ebt dhe me bulevardet q\u00eb kemi pasur para viteve \u201990, nd\u00ebrsa p\u00ebr qeverin\u00eb Rama po parkove dysh je kriminel dhe t\u00eb \u00e7ojn\u00eb n\u00eb burg. Por, shton Bardhi me ironi, n\u00ebse dikush vjedh 50 milion\u00eb euro, duhet t\u00eb ulet n\u00eb karrigen e Ballukut.<\/p>\n<p>\u201cNe e kemi vep\u00ebr penale pengimin e qarkullimit t\u00eb mjeteve t\u00eb transportit, ku b\u00ebhet me q\u00ebllim, me \u00e7far\u00ebdo lloj mjeti e kemi sot vep\u00ebr penale n\u00eb Kodin Penal. M\u00eb gjeni nj\u00eb vend t\u00eb dyt\u00eb n\u00eb BE, q\u00eb parkimin dysh, pra nj\u00eb shkelje administrative, q\u00eb rregullohet nga nj\u00eb ligj administrativ, e kriminalizojn\u00eb. Kush e b\u00ebn k\u00ebt\u00eb? K\u00ebta q\u00eb kan\u00eb dekriminalizuar korrupsionin, pra e quajn\u00eb si nj\u00eb gj\u00eb normale. Vjedhin 50 milion\u00eb euro me nj\u00eb dor\u00eb e thon\u00eb s\u2019ka ndodhur gj\u00eb, pse duhet t\u00eb shkoj\u00eb zv.kryeministrja n\u00eb burg?! 50 milion\u00eb euro ka vjedhur ajo! Ama po parkove makin\u00ebn dysh, t\u00eb fut n\u00eb burg ky dhe shefi i k\u00ebtij.<\/p>\n<p>N\u00ebse parkohet makina dysh n\u00eb nj\u00eb vend ku nd\u00ebrtohet kulla, po s\u2019ka nj\u00eb rrug\u00eb t\u00eb re, zihen hap\u00ebsirat publike, po s\u2019ka nj\u00eb zgjerim rruge n\u00eb asnj\u00eb qytet, kemi mbetur akoma me rrug\u00ebt dhe me bulevardet q\u00eb kemi pasur para viteve \u201990, dhe ju i thoni qytetar\u00ebve, po parkove dysh, ti je kriminel dhe ne t\u00eb \u00e7ojm\u00eb n\u00eb burg, ama po vodhe 50 milion\u00eb euro ti duhet t\u00eb vish k\u00ebtu, t\u00eb ulesh dhe n\u00eb karrigen e numrit 2 t\u00eb qeveris\u00eb, t\u00eb mbash dhe leksion moral p\u00ebr luft\u00ebn kund\u00ebr kriminalitetit\u201d, tha Bardhi.<\/p>\n","protected":false},"excerpt":{"rendered":"<p>Kreu i Grupit Parlamentar t\u00eb PD, Gazment Bardhi ka deklaruar n\u00eb Kuvend se, Shqip\u00ebria \u00ebsht\u00eb i vetmi vend n\u00eb Europ\u00eb ku d\u00ebnohet me burg parkimi dysh. Bardhi tha se, kemi mbetur akoma me rrug\u00ebt dhe me bulevardet q\u00eb kemi pasur para viteve \u201990, nd\u00ebrsa p\u00ebr qeverin\u00eb Rama po parkove dysh je kriminel dhe t\u00eb \u00e7ojn\u00eb &hellip;<\/p>\n","protected":false},"author":4,"featured_media":131589,"comment_status":"closed","ping_status":"closed","sticky":false,"template":"","format":"standard","meta":{"footnotes":""},"categories":[37],"tags":[],"class_list":["post-134635","post","type-post","status-publish","format-standard","has-post-thumbnail","","category-politike"],"_links":{"self":[{"href":"https:\/\/rdnews.al\/index.php\/wp-json\/wp\/v2\/posts\/134635","targetHints":{"allow":["GET"]}}],"collection":[{"href":"https:\/\/rdnews.al\/index.php\/wp-json\/wp\/v2\/posts"}],"about":[{"href":"https:\/\/rdnews.al\/index.php\/wp-json\/wp\/v2\/types\/post"}],"author":[{"embeddable":true,"href":"https:\/\/rdnews.al\/index.php\/wp-json\/wp\/v2\/users\/4"}],"replies":[{"embeddable":true,"href":"https:\/\/rdnews.al\/index.php\/wp-json\/wp\/v2\/comments?post=134635"}],"version-history":[{"count":3,"href":"https:\/\/rdnews.al\/index.php\/wp-json\/wp\/v2\/posts\/134635\/revisions"}],"predecessor-version":[{"id":134638,"href":"https:\/\/rdnews.al\/index.php\/wp-json\/wp\/v2\/posts\/134635\/revisions\/134638"}],"wp:featuredmedia":[{"embeddable":true,"href":"https:\/\/rdnews.al\/index.php\/wp-json\/wp\/v2\/media\/131589"}],"wp:attachment":[{"href":"https:\/\/rdnews.al\/index.php\/wp-json\/wp\/v2\/media?parent=134635"}],"wp:term":[{"taxonomy":"category","embeddable":true,"href":"https:\/\/rdnews.al\/index.php\/wp-json\/wp\/v2\/categories?post=134635"},{"taxonomy":"post_tag","embeddable":true,"href":"https:\/\/rdnews.al\/index.php\/wp-json\/wp\/v2\/tags?post=134635"}],"curies":[{"name":"wp","href":"https:\/\/api.w.org\/{rel}","templated":true}]}}