{"id":13464,"date":"2022-05-26T09:10:19","date_gmt":"2022-05-26T09:10:19","guid":{"rendered":"https:\/\/rdnews.al\/?p=13464"},"modified":"2022-05-26T09:10:59","modified_gmt":"2022-05-26T09:10:59","slug":"brukseli-kunder-rames-mbrojtja-e-te-dhenave-personale-nje-e-drejte-themelore-ne-be","status":"publish","type":"post","link":"https:\/\/rdnews.al\/index.php\/2022\/05\/26\/brukseli-kunder-rames-mbrojtja-e-te-dhenave-personale-nje-e-drejte-themelore-ne-be\/","title":{"rendered":"Brukseli kund\u00ebr Ram\u00ebs: Mbrojtja e t\u00eb dh\u00ebnave personale, nj\u00eb e drejt\u00eb themelore n\u00eb BE"},"content":{"rendered":"<p><strong>Projekti i mundsh\u00ebm i qeveris\u00eb s\u00eb Edi Ram\u00ebs p\u00ebr t\u00eb publikuar pag\u00ebn e \u00e7do qytetari n\u00eb baza vjetore, ka p\u00ebrball\u00eb nj\u00eb pengese ligjore t\u00eb papranueshme nga ligjet evropiane, n\u00ebse d\u00ebshiron t\u00eb an\u00ebtar\u00ebsohet n\u00eb BE.<\/strong><\/p>\n<p>Rama u shpreh para pak koh\u00ebsh se do t\u00eb pyeste publikun n\u00ebse qeveria duhet t\u00eb publikoj\u00eb rregullisht pagat si t\u00eb qytetar\u00ebve ashtu edhe t\u00eb banor\u00ebve.<\/p>\n<p>Sipas Ram\u00ebs, ai pretendon se rrjedhja e pagave t\u00eb njer\u00ebzve n\u00eb 2021 pati nj\u00eb ndikim pozitiv dhe pa q\u00eb pagat t\u00eb rriteshin.<\/p>\n<p>Duke iu p\u00ebrgjigjur pyetjeve t\u00eb d\u00ebrguara nga Euractiv dhe Exit.al, Komisioni Evropian tha qart\u00eb se mbrojtja e t\u00eb dh\u00ebnave personale \u00ebsht\u00eb nj\u00eb e drejt\u00eb themelore n\u00eb BE.<\/p>\n<p>Ai vuri n\u00eb dukje se Rregullorja e P\u00ebrgjithshme e BE-s\u00eb p\u00ebr Mbrojtjen e t\u00eb Dh\u00ebnave (GDPR) ka forcuar masat mbrojt\u00ebse p\u00ebr mbrojtjen e t\u00eb dh\u00ebnave dhe u siguron individ\u00ebve t\u00eb drejta m\u00eb t\u00eb forta, transparenc\u00eb t\u00eb rritur dhe i b\u00ebn mbajt\u00ebsit e t\u00eb dh\u00ebnave m\u00eb t\u00eb p\u00ebrgjegjsh\u00ebm.<\/p>\n<p>\u201cBE kujton se Shqip\u00ebria \u00ebsht\u00eb angazhuar t\u00eb miratoj\u00eb nj\u00eb ligj t\u00eb rishikuar p\u00ebr mbrojtjen e t\u00eb dh\u00ebnave personale, n\u00eb p\u00ebrputhje me acquis t\u00eb BE-s\u00eb, duke p\u00ebrfshir\u00eb GDPR-n\u00eb gjat\u00eb vitit 2022\u201d, thuhej n\u00eb p\u00ebrgjigjen e Komisionit.<\/p>\n<p>Ekzekutivi i BE-s\u00eb vazhdoi, duke th\u00ebn\u00eb se sipas GDPR \u00e7do projekt rregull ose legjislacion q\u00eb parashikon p\u00ebrpunimin e t\u00eb dh\u00ebnave personale dhe prek t\u00eb drejt\u00ebn e privat\u00ebsis\u00eb duhet t\u2019i n\u00ebnshtrohet fillimisht nj\u00eb vler\u00ebsimi t\u00eb domosdoshm\u00ebris\u00eb dhe p\u00ebrshtatshm\u00ebris\u00eb s\u00eb tyre me objektivat e deklaruara dhe proporcionalitetit, me v\u00ebmendjen e duhur ndaj opsioneve alternative. Autoriteti i mbrojtjes s\u00eb t\u00eb dh\u00ebnave duhet t\u00eb p\u00ebrfshihet ngusht\u00eb n\u00eb nj\u00eb vler\u00ebsim t\u00eb till\u00eb.<\/p>\n<p>Me fjal\u00eb t\u00eb tjera, qeveria nuk mund t\u00eb filloj\u00eb thjesht publikimin e t\u00eb dh\u00ebnave personale t\u00eb njer\u00ebzve bazuar n\u00eb p\u00ebrgjigjen e nj\u00eb konsultimi komb\u00ebtar.<\/p>\n<p>N\u00eb tre raste n\u00eb vitin 2021, bazat e t\u00eb dh\u00ebnave shtet\u00ebrore u zbuluan n\u00eb publik, duke p\u00ebrfshir\u00eb emrat e njer\u00ebzve, numrat e telefonit, detajet e identitetit, pagat, numrat e regjistrimit t\u00eb makinave dhe pagat. Nj\u00eb rrjedhje, para zgjedhjeve, p\u00ebrfshinte gjithashtu nj\u00eb \u201cpatronazhist\u201d i cili \u00ebsht\u00eb an\u00ebtar i partis\u00eb n\u00eb pushtet, i ngarkuar me zbulimin dhe raportimin se cilat do t\u00eb ishin preferencat e disa njer\u00ebzve p\u00ebr votim.<\/p>\n<p>Nuk dihet ende se kush ishte p\u00ebrgjegj\u00ebs p\u00ebr t\u00eb gjitha rrjedhjet, disa prej t\u00eb cilave vinin nga regjistri i gjendjes civile. Aktivist\u00ebt e t\u00eb drejtave t\u00eb njeriut dhe an\u00ebtar\u00ebt e shoq\u00ebris\u00eb civile kan\u00eb kritikuar shkeljen e privat\u00ebsis\u00eb s\u00eb qytetar\u00ebve dhe kan\u00eb th\u00ebn\u00eb se qeveria nuk ka t\u00eb drejt\u00eb t\u00eb publikoj\u00eb informacione t\u00eb tilla pa p\u00eblqimin e secilit individ.<\/p>\n<p>Shqip\u00ebria \u00ebsht\u00eb nj\u00eb vend kandidat p\u00ebr n\u00eb BE dhe nd\u00ebrsa procesi i an\u00ebtar\u00ebsimit ka ngecur, ajo pritet t\u00eb p\u00ebrafroj\u00eb legjislacionin komb\u00ebtar me acquis t\u00eb BE-s\u00eb.<\/p>\n","protected":false},"excerpt":{"rendered":"<p>Projekti i mundsh\u00ebm i qeveris\u00eb s\u00eb Edi Ram\u00ebs p\u00ebr t\u00eb publikuar pag\u00ebn e \u00e7do qytetari n\u00eb baza vjetore, ka p\u00ebrball\u00eb nj\u00eb pengese ligjore t\u00eb papranueshme nga ligjet evropiane, n\u00ebse d\u00ebshiron t\u00eb an\u00ebtar\u00ebsohet n\u00eb BE. Rama u shpreh para pak koh\u00ebsh se do t\u00eb pyeste publikun n\u00ebse qeveria duhet t\u00eb publikoj\u00eb rregullisht pagat si t\u00eb qytetar\u00ebve &hellip;<\/p>\n","protected":false},"author":4,"featured_media":3053,"comment_status":"open","ping_status":"open","sticky":false,"template":"","format":"standard","meta":{"footnotes":""},"categories":[37],"tags":[],"class_list":["post-13464","post","type-post","status-publish","format-standard","has-post-thumbnail","","category-politike"],"_links":{"self":[{"href":"https:\/\/rdnews.al\/index.php\/wp-json\/wp\/v2\/posts\/13464","targetHints":{"allow":["GET"]}}],"collection":[{"href":"https:\/\/rdnews.al\/index.php\/wp-json\/wp\/v2\/posts"}],"about":[{"href":"https:\/\/rdnews.al\/index.php\/wp-json\/wp\/v2\/types\/post"}],"author":[{"embeddable":true,"href":"https:\/\/rdnews.al\/index.php\/wp-json\/wp\/v2\/users\/4"}],"replies":[{"embeddable":true,"href":"https:\/\/rdnews.al\/index.php\/wp-json\/wp\/v2\/comments?post=13464"}],"version-history":[{"count":0,"href":"https:\/\/rdnews.al\/index.php\/wp-json\/wp\/v2\/posts\/13464\/revisions"}],"wp:featuredmedia":[{"embeddable":true,"href":"https:\/\/rdnews.al\/index.php\/wp-json\/wp\/v2\/media\/3053"}],"wp:attachment":[{"href":"https:\/\/rdnews.al\/index.php\/wp-json\/wp\/v2\/media?parent=13464"}],"wp:term":[{"taxonomy":"category","embeddable":true,"href":"https:\/\/rdnews.al\/index.php\/wp-json\/wp\/v2\/categories?post=13464"},{"taxonomy":"post_tag","embeddable":true,"href":"https:\/\/rdnews.al\/index.php\/wp-json\/wp\/v2\/tags?post=13464"}],"curies":[{"name":"wp","href":"https:\/\/api.w.org\/{rel}","templated":true}]}}