{"id":134715,"date":"2026-01-29T11:03:38","date_gmt":"2026-01-29T11:03:38","guid":{"rendered":"https:\/\/rdnews.al\/?p=134715"},"modified":"2026-01-29T11:05:20","modified_gmt":"2026-01-29T11:05:20","slug":"rama-uzurpon-parlamentin-ps-pushton-territorialen","status":"publish","type":"post","link":"https:\/\/rdnews.al\/index.php\/2026\/01\/29\/rama-uzurpon-parlamentin-ps-pushton-territorialen\/","title":{"rendered":"Rama uzurpon Parlamentin, nuk i le asnj\u00eb hapsir\u00eb opozit\u00ebs p\u00ebr \u201cTerritorialen\u201d!"},"content":{"rendered":"<div id=\"rekl-49\">Edi Rama vazhdon t\u00eb zhb\u00ebj\u00eb parlamentarizmin. Opozit\u00ebs i uzurpohen edhe ato pak kompetenca q\u00eb i kishin mbetur.<\/div>\n<div class=\"readmore-text-here\">\n<p>Socialist\u00ebt jan\u00eb urdh\u00ebruar nga Rama q\u00eb t\u00eb kufizojn\u00eb \u00e7do hap\u00ebsir\u00eb p\u00ebr opozit\u00ebn.<\/p>\n<p>Raportohet se socialist\u00ebt kan\u00eb nisur l\u00ebvizjet p\u00ebr t\u00eb zhb\u00ebr\u00eb formul\u00ebn p\u00ebr Komisionin e Reform\u00ebs Territoriale.<\/p>\n<p>Sot n\u00eb Konferenc\u00ebn e Kryetar\u00ebve shqyrtohet k\u00ebrkesa e tyre p\u00ebr t\u00eb marr\u00eb shumic\u00ebn e an\u00ebtar\u00ebve t\u00eb komisionit, si edhe drejtimin. PS k\u00ebrkon q\u00eb t\u00eb shtohet nj\u00eb an\u00ebtar m\u00eb shum\u00eb nga radh\u00ebt e socialist\u00ebve.<\/p>\n<p>Po ashtu, socialist\u00ebt thon\u00eb se nuk duhet t\u00eb ket\u00eb m\u00eb bashk\u00ebdrejtim, por drejtuesi t\u00eb jet\u00eb Arbian Mazniku nd\u00ebrsa Lu\u00e7iano Bo\u00e7i t\u00eb jet\u00eb n\u00ebnkryetar dhe jo m\u00eb bashk\u00ebkryetar.<\/p>\n<p>\u201cQ\u00eb prej krijimit t\u00eb Komisionit n\u00eb dat\u00ebn 27.10.2025 (gjat\u00eb nj\u00eb periudhe dy mujore) nga 4 mbledhje t\u00eb njoftuara rregullisht vet\u00ebm nj\u00eb mbledhje \u00ebsht\u00eb zhvilluar me p\u00ebrb\u00ebrje t\u00eb plot\u00eb t\u00eb opozit\u00ebs. Referuar vendimit t\u00eb Kuvendit, koh\u00ebzgjatja e pun\u00ebs s\u00eb Komisionit \u00ebsht\u00eb parashikuar 9 muaj. Kjo koh\u00ebzgjatje \u00ebsht\u00eb dakord\u00ebsuar duke pasur parasysh r\u00ebnd\u00ebsin\u00eb e miratimit t\u00eb reform\u00ebs administrative-territoriale n\u00eb koh\u00eb, pra 1 vit p\u00ebrpara zhvillimit t\u00eb zgjedhjeve vendore 2027 n\u00eb m\u00ebnyr\u00eb q\u00eb t\u00eb merren masat p\u00ebrkat\u00ebse ligjore, administrative dhe organizative. Nisur nga qasja e bojkotuese e opozit\u00ebs parlamentare si dhe fakti q\u00eb reforma administrative-territoriale p\u00ebrb\u00ebn nj\u00eb nga prioritetet ky\u00e7e t\u00eb programit t\u00eb mazhoranc\u00ebs parlamentare Shqip\u00ebria 2030 dhe p\u00ebr integrimin n\u00eb BE, propozohet ndryshimi i p\u00ebrb\u00ebrjes dhe m\u00ebnyr\u00ebs s\u00eb pun\u00ebs s\u00eb Komisionit\u201d,\u00a0thuhet n\u00eb k\u00ebrkes\u00ebn e PS.<\/p>\n<p><img decoding=\"async\" src=\"https:\/\/www.syri.net\/uploads\/syri.net\/images\/2026\/January\/29\/auto_dok1769681535.jpg\" alt=\"Image\" \/><\/p>\n<\/div>\n<p>&nbsp;<\/p>\n","protected":false},"excerpt":{"rendered":"<p>Edi Rama vazhdon t\u00eb zhb\u00ebj\u00eb parlamentarizmin. Opozit\u00ebs i uzurpohen edhe ato pak kompetenca q\u00eb i kishin mbetur. Socialist\u00ebt jan\u00eb urdh\u00ebruar nga Rama q\u00eb t\u00eb kufizojn\u00eb \u00e7do hap\u00ebsir\u00eb p\u00ebr opozit\u00ebn. Raportohet se socialist\u00ebt kan\u00eb nisur l\u00ebvizjet p\u00ebr t\u00eb zhb\u00ebr\u00eb formul\u00ebn p\u00ebr Komisionin e Reform\u00ebs Territoriale. Sot n\u00eb Konferenc\u00ebn e Kryetar\u00ebve shqyrtohet k\u00ebrkesa e tyre p\u00ebr t\u00eb &hellip;<\/p>\n","protected":false},"author":4,"featured_media":37971,"comment_status":"closed","ping_status":"closed","sticky":false,"template":"","format":"standard","meta":{"footnotes":""},"categories":[37],"tags":[],"class_list":["post-134715","post","type-post","status-publish","format-standard","has-post-thumbnail","","category-politike"],"_links":{"self":[{"href":"https:\/\/rdnews.al\/index.php\/wp-json\/wp\/v2\/posts\/134715","targetHints":{"allow":["GET"]}}],"collection":[{"href":"https:\/\/rdnews.al\/index.php\/wp-json\/wp\/v2\/posts"}],"about":[{"href":"https:\/\/rdnews.al\/index.php\/wp-json\/wp\/v2\/types\/post"}],"author":[{"embeddable":true,"href":"https:\/\/rdnews.al\/index.php\/wp-json\/wp\/v2\/users\/4"}],"replies":[{"embeddable":true,"href":"https:\/\/rdnews.al\/index.php\/wp-json\/wp\/v2\/comments?post=134715"}],"version-history":[{"count":2,"href":"https:\/\/rdnews.al\/index.php\/wp-json\/wp\/v2\/posts\/134715\/revisions"}],"predecessor-version":[{"id":134717,"href":"https:\/\/rdnews.al\/index.php\/wp-json\/wp\/v2\/posts\/134715\/revisions\/134717"}],"wp:featuredmedia":[{"embeddable":true,"href":"https:\/\/rdnews.al\/index.php\/wp-json\/wp\/v2\/media\/37971"}],"wp:attachment":[{"href":"https:\/\/rdnews.al\/index.php\/wp-json\/wp\/v2\/media?parent=134715"}],"wp:term":[{"taxonomy":"category","embeddable":true,"href":"https:\/\/rdnews.al\/index.php\/wp-json\/wp\/v2\/categories?post=134715"},{"taxonomy":"post_tag","embeddable":true,"href":"https:\/\/rdnews.al\/index.php\/wp-json\/wp\/v2\/tags?post=134715"}],"curies":[{"name":"wp","href":"https:\/\/api.w.org\/{rel}","templated":true}]}}