{"id":134792,"date":"2026-01-30T09:15:48","date_gmt":"2026-01-30T09:15:48","guid":{"rendered":"https:\/\/rdnews.al\/?p=134792"},"modified":"2026-01-30T09:15:48","modified_gmt":"2026-01-30T09:15:48","slug":"ceshtja-balluku-raportuesi-i-parlamentit-evropian-spak-u-te-mbeshtetet-ne-punen-e-tij","status":"publish","type":"post","link":"https:\/\/rdnews.al\/index.php\/2026\/01\/30\/ceshtja-balluku-raportuesi-i-parlamentit-evropian-spak-u-te-mbeshtetet-ne-punen-e-tij\/","title":{"rendered":"\u00c7\u00ebshtja Balluku\/ Raportuesi i Parlamentit Evropian: SPAK-u t\u00eb mb\u00ebshtetet n\u00eb pun\u00ebn e tij!"},"content":{"rendered":"<p>Raportuesi i P\u00ebrhersh\u00ebm i Parlamentit Evropian p\u00ebr Shqip\u00ebrin\u00eb, Andreas Schieder, ka mbajtur nj\u00eb konferenc\u00eb p\u00ebr shtyp, k\u00ebt\u00eb t\u00eb premte, n\u00eb p\u00ebrfundim t\u00eb misionit t\u00eb tij vjetor t\u00eb mbledhjes s\u00eb fakteve n\u00eb Shqip\u00ebri.<\/p>\n<p>I pyetur nga gazetar\u00ebt n\u00eb lidhje me \u00e7\u00ebshtjen Balluku, Schieder, u shpreh se Shqip\u00ebria duhet t\u00eb fuqizoj\u00eb luft\u00ebn kund\u00ebr korrupsionit dhe se SPAK duhet t\u00eb mb\u00ebshtetet n\u00eb pun\u00ebn e tij.<\/p>\n<p>Edhe pse, sipas tij, PE nuk komenton \u00e7\u00ebshtjet juridike dhe ato ligjore, Schieder, u shpreh se t\u00eb gjitha institucioniet duhet t\u00eb mb\u00ebshtesin pun\u00ebn e SPAK-ut.<\/p>\n<p>\u201cKur vjen n\u00eb Shqip\u00ebri lexon shtypin por d\u00ebgjon dhe aktor\u00eb t\u00eb ndrysh\u00ebm. Duhet t\u00eb them se PE nuk komenton c\u00ebshtje juridike apo ligjore, por institucionet duhet t\u00eb kryejn\u00eb pun\u00ebn e tyre. SPAK duhet t\u00eb b\u00ebjn\u00eb pun\u00ebn e tyre me gjetjen dhe tyre dhe gjith\u00e7ka q\u00eb mendojn\u00eb se \u00ebsht\u00eb e nevojshme dhe ne kemi th\u00ebn\u00eb q\u00eb t\u00eb gjitha institucionet t\u00eb mb\u00ebshtesin pun\u00ebn e SPAK. Sa p\u00ebr Kuvendin e Shqip\u00ebris\u00eb jam i sigurt q\u00eb do t\u00eb b\u00ebhen diskutimet e duhura dhe do t\u00eb merren vendimet e duhura n\u00eb baz\u00eb t\u00eb kushtetut\u00ebs\u201d, \u2013 ka deklaruar Schieder.<\/p>\n<p>Ky koment i raportuesit t\u00eb PE-s\u00eb, vjen n\u00eb nj\u00eb moment kritik p\u00ebr situat\u00ebn e Belinda Ballukut, t\u00eb cil\u00ebn GJKKO e ka pezulluar nga detyra, SPAK k\u00ebrkon ta arrestoj\u00eb, nd\u00ebrsa qeveria thot\u00eb se jan\u00eb c\u00ebnuar kompetencat e ekzekutivit.<\/p>\n<p>SPAK nga ana e tij ka argumentuar se nuk ka konflikt kompetencash pasi masa \u00ebsht\u00eb personale, por megjithat\u00eb qeveria ka dal\u00eb me q\u00ebndrim tjet\u00ebr duke u munduar ta mbaj\u00eb Ballukun, t\u00eb pandehur p\u00ebr korrupsion, n\u00eb krye t\u00eb shtetit.<\/p>\n","protected":false},"excerpt":{"rendered":"<p>Raportuesi i P\u00ebrhersh\u00ebm i Parlamentit Evropian p\u00ebr Shqip\u00ebrin\u00eb, Andreas Schieder, ka mbajtur nj\u00eb konferenc\u00eb p\u00ebr shtyp, k\u00ebt\u00eb t\u00eb premte, n\u00eb p\u00ebrfundim t\u00eb misionit t\u00eb tij vjetor t\u00eb mbledhjes s\u00eb fakteve n\u00eb Shqip\u00ebri. I pyetur nga gazetar\u00ebt n\u00eb lidhje me \u00e7\u00ebshtjen Balluku, Schieder, u shpreh se Shqip\u00ebria duhet t\u00eb fuqizoj\u00eb luft\u00ebn kund\u00ebr korrupsionit dhe se SPAK &hellip;<\/p>\n","protected":false},"author":4,"featured_media":134793,"comment_status":"closed","ping_status":"closed","sticky":false,"template":"","format":"standard","meta":{"footnotes":""},"categories":[37],"tags":[],"class_list":["post-134792","post","type-post","status-publish","format-standard","has-post-thumbnail","","category-politike"],"_links":{"self":[{"href":"https:\/\/rdnews.al\/index.php\/wp-json\/wp\/v2\/posts\/134792","targetHints":{"allow":["GET"]}}],"collection":[{"href":"https:\/\/rdnews.al\/index.php\/wp-json\/wp\/v2\/posts"}],"about":[{"href":"https:\/\/rdnews.al\/index.php\/wp-json\/wp\/v2\/types\/post"}],"author":[{"embeddable":true,"href":"https:\/\/rdnews.al\/index.php\/wp-json\/wp\/v2\/users\/4"}],"replies":[{"embeddable":true,"href":"https:\/\/rdnews.al\/index.php\/wp-json\/wp\/v2\/comments?post=134792"}],"version-history":[{"count":1,"href":"https:\/\/rdnews.al\/index.php\/wp-json\/wp\/v2\/posts\/134792\/revisions"}],"predecessor-version":[{"id":134794,"href":"https:\/\/rdnews.al\/index.php\/wp-json\/wp\/v2\/posts\/134792\/revisions\/134794"}],"wp:featuredmedia":[{"embeddable":true,"href":"https:\/\/rdnews.al\/index.php\/wp-json\/wp\/v2\/media\/134793"}],"wp:attachment":[{"href":"https:\/\/rdnews.al\/index.php\/wp-json\/wp\/v2\/media?parent=134792"}],"wp:term":[{"taxonomy":"category","embeddable":true,"href":"https:\/\/rdnews.al\/index.php\/wp-json\/wp\/v2\/categories?post=134792"},{"taxonomy":"post_tag","embeddable":true,"href":"https:\/\/rdnews.al\/index.php\/wp-json\/wp\/v2\/tags?post=134792"}],"curies":[{"name":"wp","href":"https:\/\/api.w.org\/{rel}","templated":true}]}}