{"id":134795,"date":"2026-01-30T09:20:22","date_gmt":"2026-01-30T09:20:22","guid":{"rendered":"https:\/\/rdnews.al\/?p=134795"},"modified":"2026-01-30T09:20:58","modified_gmt":"2026-01-30T09:20:58","slug":"klgj-fut-ne-rend-dite-pak-para-nisjes-se-mbledhjes-verifikimin-e-gjyqtares-irena-gjoka","status":"publish","type":"post","link":"https:\/\/rdnews.al\/index.php\/2026\/01\/30\/klgj-fut-ne-rend-dite-pak-para-nisjes-se-mbledhjes-verifikimin-e-gjyqtares-irena-gjoka\/","title":{"rendered":"KLGJ fut n\u00eb rend dite pak para nisjes s\u00eb mbledhjes verifikimin e gjyqtares Irena Gjoka"},"content":{"rendered":"<p>K\u00ebshilli i Lart\u00eb Gjyq\u00ebsor ka futur n\u00eb rend dite p\u00ebr mbledhjen e sotme, diskutimin mbi gjyqtaren e Gjykat\u00ebs s\u00eb Posa\u00e7me, Irena Gjoka.<\/p>\n<p>Diskutimi p\u00ebr verifikimin e statusit t\u00eb gjyqtares Gjoka nuk ishte parashikuar p\u00ebr mbledhjen e sotme, por \u00ebsht\u00eb shtuar si pik\u00eb n\u00eb rendin e dit\u00ebs pak para nisjes s\u00eb mbledhjes.<\/p>\n<p>\u201cPika e 7-t\u00eb n\u00eb rendin e dit\u00ebs: Shqyrtimi i relacionit \u201cP\u00ebr fillimin e procedur\u00ebs s\u00eb verifikimit t\u00eb statusit t\u00eb gjyqtares znj. {\u2026}, gjyqtare n\u00eb Gjykat\u00ebn e Posa\u00e7me t\u00eb Shkall\u00ebs s\u00eb Par\u00eb t\u00eb Korrupsionit dhe Krimit t\u00eb Organizuar\u201d,- thuhet n\u00eb njoftim.<\/p>\n<p>Prokuroria e Posa\u00e7me, SPAK regjistroi nj\u00eb procedim penal pas nj\u00eb kall\u00ebzimi ndaj gjyqtares Irena Gjoka, e cila akuzohet se ka fshehur nga formulari i vet\u00ebdeklarimit t\u00eb past\u00ebrtis\u00eb s\u00eb figur\u00ebs nj\u00eb d\u00ebnim penal t\u00eb dh\u00ebn\u00eb nga drejt\u00ebsia greke p\u00ebr falsifikimin e nj\u00eb pasaporte dhe nj\u00eb vize n\u00eb mesin e viteve 2000.<\/p>\n<p>Sipas SPAK, procedimi \u00ebsht\u00eb regjistruar p\u00ebr vepr\u00ebn penale t\u00eb parashikuar, \u201cfalsifikimi i vulave, i stampave ose i formular\u00ebve\u201d, por ende nuk \u00ebsht\u00eb regjistruar ndonj\u00eb em\u00ebr si person n\u00ebn hetim.<\/p>\n<p>Pas nj\u00eb hetimi rreth 20 muaj, Prokuroria e P\u00ebrgjithshme njoftoi t\u00eb mart\u00ebn se i kishte d\u00ebrguar zyrtarisht m\u00eb dat\u00eb 19 janar 2026 rezultatet e k\u00ebtij verifikimi pran\u00eb KLGj-s\u00eb, q\u00eb \u00ebsht\u00eb organi kompetent q\u00eb duhet t\u00eb interpretoj\u00eb rezultatet e gjetjeve.<\/p>\n<p>Akuzat ndaj Gjok\u00ebs u b\u00ebn\u00eb publike pasi ajo firmosi masat e siguris\u00eb ndaj ish-kryeministrit Sali Berisha n\u00eb lidhje me dosjen \u201cPartizani\u201d. Berisha dhe mb\u00ebshtet\u00ebsit e tij e kan\u00eb akuzuar vazhdimisht Gjok\u00ebn, duke pretenduar se ajo \u00ebsht\u00eb n\u00eb konflikt interesi dhe se ka fshehur t\u00eb kaluar\u00ebn e saj, p\u00ebrfshi d\u00ebnimin penal n\u00eb Greqi.<\/p>\n","protected":false},"excerpt":{"rendered":"<p>K\u00ebshilli i Lart\u00eb Gjyq\u00ebsor ka futur n\u00eb rend dite p\u00ebr mbledhjen e sotme, diskutimin mbi gjyqtaren e Gjykat\u00ebs s\u00eb Posa\u00e7me, Irena Gjoka. Diskutimi p\u00ebr verifikimin e statusit t\u00eb gjyqtares Gjoka nuk ishte parashikuar p\u00ebr mbledhjen e sotme, por \u00ebsht\u00eb shtuar si pik\u00eb n\u00eb rendin e dit\u00ebs pak para nisjes s\u00eb mbledhjes. \u201cPika e 7-t\u00eb n\u00eb &hellip;<\/p>\n","protected":false},"author":4,"featured_media":66813,"comment_status":"closed","ping_status":"closed","sticky":false,"template":"","format":"standard","meta":{"footnotes":""},"categories":[37],"tags":[],"class_list":["post-134795","post","type-post","status-publish","format-standard","has-post-thumbnail","","category-politike"],"_links":{"self":[{"href":"https:\/\/rdnews.al\/index.php\/wp-json\/wp\/v2\/posts\/134795","targetHints":{"allow":["GET"]}}],"collection":[{"href":"https:\/\/rdnews.al\/index.php\/wp-json\/wp\/v2\/posts"}],"about":[{"href":"https:\/\/rdnews.al\/index.php\/wp-json\/wp\/v2\/types\/post"}],"author":[{"embeddable":true,"href":"https:\/\/rdnews.al\/index.php\/wp-json\/wp\/v2\/users\/4"}],"replies":[{"embeddable":true,"href":"https:\/\/rdnews.al\/index.php\/wp-json\/wp\/v2\/comments?post=134795"}],"version-history":[{"count":1,"href":"https:\/\/rdnews.al\/index.php\/wp-json\/wp\/v2\/posts\/134795\/revisions"}],"predecessor-version":[{"id":134796,"href":"https:\/\/rdnews.al\/index.php\/wp-json\/wp\/v2\/posts\/134795\/revisions\/134796"}],"wp:featuredmedia":[{"embeddable":true,"href":"https:\/\/rdnews.al\/index.php\/wp-json\/wp\/v2\/media\/66813"}],"wp:attachment":[{"href":"https:\/\/rdnews.al\/index.php\/wp-json\/wp\/v2\/media?parent=134795"}],"wp:term":[{"taxonomy":"category","embeddable":true,"href":"https:\/\/rdnews.al\/index.php\/wp-json\/wp\/v2\/categories?post=134795"},{"taxonomy":"post_tag","embeddable":true,"href":"https:\/\/rdnews.al\/index.php\/wp-json\/wp\/v2\/tags?post=134795"}],"curies":[{"name":"wp","href":"https:\/\/api.w.org\/{rel}","templated":true}]}}