{"id":134800,"date":"2026-01-30T09:29:47","date_gmt":"2026-01-30T09:29:47","guid":{"rendered":"https:\/\/rdnews.al\/?p=134800"},"modified":"2026-01-30T09:29:47","modified_gmt":"2026-01-30T09:29:47","slug":"raportuesi-i-pe-mesazh-rames-integrimi-ne-be-nuk-eshte-vetem-hapje-kapitujsh","status":"publish","type":"post","link":"https:\/\/rdnews.al\/index.php\/2026\/01\/30\/raportuesi-i-pe-mesazh-rames-integrimi-ne-be-nuk-eshte-vetem-hapje-kapitujsh\/","title":{"rendered":"Raportuesi i PE mesazh Ram\u00ebs: Integrimi n\u00eb BE nuk \u00ebsht\u00eb vet\u00ebm hapje kapitujsh!"},"content":{"rendered":"<p>Raportuesi i P\u00ebrhersh\u00ebm i Parlamentit Evropian p\u00ebr Shqip\u00ebrin\u00eb, Andreas Schieder, ka dh\u00ebn\u00eb nj\u00eb mesazh t\u00eb qart\u00eb p\u00ebr qeverin\u00eb shqiptare n\u00eb lidhje me procesin e integrimit europian.<\/p>\n<p>Ai theksoi se nuk mjafton vet\u00ebm hapja e kapitujve t\u00eb negociatave, por \u00ebsht\u00eb po aq e r\u00ebnd\u00ebsishme mbyllja e tyre dhe zbatimi i ligjeve sipas standardeve t\u00eb Bashkimit Europian.<\/p>\n<p>Schieder paralajm\u00ebroi se qeveria nuk duhet t\u00eb ngec\u00eb n\u00eb vend apo t\u00eb b\u00ebj\u00eb hapa pas, duke n\u00ebnvizuar se miratimi i ligjeve nuk ka vler\u00eb n\u00ebse ato nuk zbatohen n\u00eb praktik\u00eb.<\/p>\n<p>\u201cMendoj q\u00eb bashk\u00ebpunimi n\u00eb disa \u00e7\u00ebshtje po ec\u00ebn mir\u00eb. Dhe m\u00ebsoja q\u00eb ka edhe unanimitet n\u00eb disa \u00e7\u00ebshtje. Do doja q\u00eb p\u00ebrmir\u00ebsimi i kultur\u00ebs politike \u00ebsht\u00eb nj\u00ebra gj\u00eb. Dhe Shqip\u00ebria ka patur nj\u00eb ecuri madhore n\u00eb negociata, vler\u00ebsim i Komisionit n\u00eb pranver\u00eb do ec\u00eb mir\u00eb, Shqip\u00ebria do ec\u00eb mir\u00eb. Por k\u00ebtu nuk b\u00ebhet fjal\u00eb p\u00ebr hapjen e kapitujve, por puna \u00ebsht\u00eb edhe tek mbyllja.<\/p>\n<p>Ideja e ligjit nuk \u00ebsht\u00eb se e k\u00ebnaqem BE duke miratuar ligje, por p\u00ebr t\u2019u afruar me standarde europiane n\u00eb zbatim. Pra pas miratimit t\u00eb legjislacionit ka shum\u00eb pun\u00eb p\u00ebr t\u00eb b\u00ebr\u00eb. Pra nuk duhet t\u00eb ngec\u00ebsh n\u00eb vend, apo t\u00eb b\u00ebsh hapa pas<\/p>\n<p>Duhet t\u00eb bind\u00ebsh publikun dhe un\u00eb dua q\u00eb zgjerimi t\u00eb b\u00ebhet realitet dhe ta shoh konkret. K\u00ebtu arena politike, qeveria opozita, media t\u00eb gjith\u00eb duhet t\u00eb b\u00ebni t\u00eb pamundur\u00ebn q\u00eb t\u00eb ket\u00eb komunikimin t\u00eb duhur se ku \u00ebsht\u00eb Shqip\u00ebria tani dhe ku duhet t\u00eb arrij\u00eb\u201d, tha ai.<\/p>\n","protected":false},"excerpt":{"rendered":"<p>Raportuesi i P\u00ebrhersh\u00ebm i Parlamentit Evropian p\u00ebr Shqip\u00ebrin\u00eb, Andreas Schieder, ka dh\u00ebn\u00eb nj\u00eb mesazh t\u00eb qart\u00eb p\u00ebr qeverin\u00eb shqiptare n\u00eb lidhje me procesin e integrimit europian. Ai theksoi se nuk mjafton vet\u00ebm hapja e kapitujve t\u00eb negociatave, por \u00ebsht\u00eb po aq e r\u00ebnd\u00ebsishme mbyllja e tyre dhe zbatimi i ligjeve sipas standardeve t\u00eb Bashkimit Europian. &hellip;<\/p>\n","protected":false},"author":4,"featured_media":134801,"comment_status":"closed","ping_status":"closed","sticky":false,"template":"","format":"standard","meta":{"footnotes":""},"categories":[37],"tags":[],"class_list":["post-134800","post","type-post","status-publish","format-standard","has-post-thumbnail","","category-politike"],"_links":{"self":[{"href":"https:\/\/rdnews.al\/index.php\/wp-json\/wp\/v2\/posts\/134800","targetHints":{"allow":["GET"]}}],"collection":[{"href":"https:\/\/rdnews.al\/index.php\/wp-json\/wp\/v2\/posts"}],"about":[{"href":"https:\/\/rdnews.al\/index.php\/wp-json\/wp\/v2\/types\/post"}],"author":[{"embeddable":true,"href":"https:\/\/rdnews.al\/index.php\/wp-json\/wp\/v2\/users\/4"}],"replies":[{"embeddable":true,"href":"https:\/\/rdnews.al\/index.php\/wp-json\/wp\/v2\/comments?post=134800"}],"version-history":[{"count":1,"href":"https:\/\/rdnews.al\/index.php\/wp-json\/wp\/v2\/posts\/134800\/revisions"}],"predecessor-version":[{"id":134802,"href":"https:\/\/rdnews.al\/index.php\/wp-json\/wp\/v2\/posts\/134800\/revisions\/134802"}],"wp:featuredmedia":[{"embeddable":true,"href":"https:\/\/rdnews.al\/index.php\/wp-json\/wp\/v2\/media\/134801"}],"wp:attachment":[{"href":"https:\/\/rdnews.al\/index.php\/wp-json\/wp\/v2\/media?parent=134800"}],"wp:term":[{"taxonomy":"category","embeddable":true,"href":"https:\/\/rdnews.al\/index.php\/wp-json\/wp\/v2\/categories?post=134800"},{"taxonomy":"post_tag","embeddable":true,"href":"https:\/\/rdnews.al\/index.php\/wp-json\/wp\/v2\/tags?post=134800"}],"curies":[{"name":"wp","href":"https:\/\/api.w.org\/{rel}","templated":true}]}}