{"id":134828,"date":"2026-01-30T11:47:42","date_gmt":"2026-01-30T11:47:42","guid":{"rendered":"https:\/\/rdnews.al\/?p=134828"},"modified":"2026-01-30T11:47:42","modified_gmt":"2026-01-30T11:47:42","slug":"hasimja-gjetem-gadishmeri-shume-te-mire-nga-pd-dhe-aleatet-jemi-ne-rrugen-e-duhur","status":"publish","type":"post","link":"https:\/\/rdnews.al\/index.php\/2026\/01\/30\/hasimja-gjetem-gadishmeri-shume-te-mire-nga-pd-dhe-aleatet-jemi-ne-rrugen-e-duhur\/","title":{"rendered":"Hasimja: Gjet\u00ebm gadishm\u00ebri shum\u00eb t\u00eb mir\u00eb nga PD dhe aleat\u00ebt! Jemi n\u00eb rrug\u00ebn e duhur!"},"content":{"rendered":"<p>Ermal Hasimja, nj\u00eb nd\u00ebr themeluesit e Forumit p\u00ebr Dialog Politik, pas takimit t\u00eb mbajtur sot n\u00eb mesdit\u00eb n\u00eb selin\u00eb e PD ku ishin t\u00eb pranish\u00ebm p\u00ebrfaq\u00ebsues t\u00eb Partis\u00eb Demokratike dhe aleat\u00eb t\u00eb opozit\u00ebs tha se, kemi gjetur vullnet t\u00eb p\u00ebrbashk\u00ebt, jemi n\u00eb rrug\u00ebn e duhur.<\/p>\n<p>Hasimja tha se, nuk pati kushte p\u00ebrkundrazi pati interes t\u00eb madh t\u00eb arrihet nj\u00eb mir\u00ebkuptim i madh.<\/p>\n<p>&#8220;Kemi vet\u00ebm dy raste t\u00eb tilla. Nga ana tjet\u00ebr kemi, shohim nj\u00eb bashk\u00ebpunim t\u00eb t\u00eb plot\u00eb, edhe nga parti t\u00eb cilat n\u00eb fakt, ose nga forca l\u00ebvizjesh, s&#8217;dua t&#8217;ju v\u00eb emra, por kemi gjetur vullnet bashk\u00ebpunimi dhe pranimin e pjes\u00ebmarrjes n\u00eb tryez\u00eb edhe nga parti q\u00eb jo domosdoshm\u00ebrisht kan\u00eb pasur marr\u00ebdh\u00ebnie t\u00eb mira, p\u00ebr shembull, me me me Partin\u00eb Demokratike ose me aleat\u00ebt e vet.<\/p>\n<p>K\u00ebshtu q\u00eb, n\u00eb pik\u00ebn ku jemi, besoj q\u00eb tryeza po merr form\u00ebn e vet. Dometh\u00ebn\u00eb kemi r\u00ebn\u00eb dakord n\u00eb n\u00eb parim me me k\u00ebto parti me t\u00eb cilat kemi diskutuar tani. Dometh\u00ebn\u00eb \u00ebsht\u00eb Partia Demokratike me me aleat\u00ebt e vet tradicional\u00eb, &#8216;Shqip\u00ebria B\u00ebhet&#8217; me zotin Lapaj, kemi folur me, diskutuar me p\u00ebrfaq\u00ebsuesit e tyre. Kan\u00eb pasur disa propozime, disa k\u00ebrkesa. Ja u kemi paraqitur, se ky \u00ebsht\u00eb roli jon\u00eb i mediatorit, nd\u00ebrmjet\u00ebsit, leht\u00ebsuesit.<\/p>\n<p>Ja u kemi paraqitur dhe Partis\u00eb Demokratike dhe aleat\u00ebve t\u00eb vet. N\u00eb parim kan\u00eb r\u00ebn\u00eb dakord p\u00ebr k\u00ebrkesat q\u00eb q\u00eb kan\u00eb patur. Natyrisht, mund t\u00eb mos vijn\u00eb dakord 100% p\u00ebr gj\u00ebrat, por ky \u00ebsht\u00eb nj\u00eb lloj procesi n\u00eb t\u00eb cilin secila pal\u00eb negocion, diskuton.<\/p>\n<p>Me zotin Dash Shehi gjithashtu, kemi diskutuar dje. Ai \u00ebsht\u00eb gjithashtu i gatsh\u00ebm q\u00eb t\u00eb t\u00eb bashk\u00ebpunoj\u00eb, t\u00eb jet\u00eb i hapur ndaj nj\u00eb lloj bashk\u00ebpunimi t\u00eb t\u00eb opozit\u00ebs. Gjithashtu, diskutime kemi pasur dhe me l\u00ebvizjen Diaspora p\u00ebr Shqip\u00ebrin\u00eb e Lir\u00eb. N\u00eb fakt, nj\u00eb nga an\u00ebtar\u00ebt e tyre \u00ebsht\u00eb dhe pjes\u00eb e grupit, k\u00ebshtu q\u00eb themi q\u00eb n\u00eb parim edhe ata jan\u00eb pjes\u00eb e e k\u00ebsaj. Dhe nga ana tjet\u00ebr, n\u00eb p\u00ebrpjekjen ton\u00eb do t\u00eb p\u00ebrpiqemi q\u00eb p\u00ebrtej tryez\u00ebs s\u00eb partive, t\u00eb p\u00ebrfshijm\u00eb n\u00eb k\u00ebt\u00eb lloj procesi dhe nj\u00eb pjes\u00eb t\u00eb mir\u00eb t\u00eb shoq\u00ebris\u00eb civile, ata q\u00eb kan\u00eb nj\u00eb lloj \u00ebh, angazhimi, q\u00eb kan\u00eb di\u00e7ka p\u00ebr t\u00eb th\u00ebn\u00eb dhe nj\u00eb lloj kontributi p\u00ebr t\u00eb p\u00ebr t\u00eb dh\u00ebn\u00eb&#8221;, tha Hasimja.<\/p>\n","protected":false},"excerpt":{"rendered":"<p>Ermal Hasimja, nj\u00eb nd\u00ebr themeluesit e Forumit p\u00ebr Dialog Politik, pas takimit t\u00eb mbajtur sot n\u00eb mesdit\u00eb n\u00eb selin\u00eb e PD ku ishin t\u00eb pranish\u00ebm p\u00ebrfaq\u00ebsues t\u00eb Partis\u00eb Demokratike dhe aleat\u00eb t\u00eb opozit\u00ebs tha se, kemi gjetur vullnet t\u00eb p\u00ebrbashk\u00ebt, jemi n\u00eb rrug\u00ebn e duhur. Hasimja tha se, nuk pati kushte p\u00ebrkundrazi pati interes t\u00eb &hellip;<\/p>\n","protected":false},"author":4,"featured_media":134829,"comment_status":"closed","ping_status":"closed","sticky":false,"template":"","format":"standard","meta":{"footnotes":""},"categories":[37],"tags":[],"class_list":["post-134828","post","type-post","status-publish","format-standard","has-post-thumbnail","","category-politike"],"_links":{"self":[{"href":"https:\/\/rdnews.al\/index.php\/wp-json\/wp\/v2\/posts\/134828","targetHints":{"allow":["GET"]}}],"collection":[{"href":"https:\/\/rdnews.al\/index.php\/wp-json\/wp\/v2\/posts"}],"about":[{"href":"https:\/\/rdnews.al\/index.php\/wp-json\/wp\/v2\/types\/post"}],"author":[{"embeddable":true,"href":"https:\/\/rdnews.al\/index.php\/wp-json\/wp\/v2\/users\/4"}],"replies":[{"embeddable":true,"href":"https:\/\/rdnews.al\/index.php\/wp-json\/wp\/v2\/comments?post=134828"}],"version-history":[{"count":1,"href":"https:\/\/rdnews.al\/index.php\/wp-json\/wp\/v2\/posts\/134828\/revisions"}],"predecessor-version":[{"id":134830,"href":"https:\/\/rdnews.al\/index.php\/wp-json\/wp\/v2\/posts\/134828\/revisions\/134830"}],"wp:featuredmedia":[{"embeddable":true,"href":"https:\/\/rdnews.al\/index.php\/wp-json\/wp\/v2\/media\/134829"}],"wp:attachment":[{"href":"https:\/\/rdnews.al\/index.php\/wp-json\/wp\/v2\/media?parent=134828"}],"wp:term":[{"taxonomy":"category","embeddable":true,"href":"https:\/\/rdnews.al\/index.php\/wp-json\/wp\/v2\/categories?post=134828"},{"taxonomy":"post_tag","embeddable":true,"href":"https:\/\/rdnews.al\/index.php\/wp-json\/wp\/v2\/tags?post=134828"}],"curies":[{"name":"wp","href":"https:\/\/api.w.org\/{rel}","templated":true}]}}