{"id":13484,"date":"2022-05-26T10:41:09","date_gmt":"2022-05-26T10:41:09","guid":{"rendered":"https:\/\/rdnews.al\/?p=13484"},"modified":"2022-05-26T10:41:09","modified_gmt":"2022-05-26T10:41:09","slug":"sala-dhe-saliu","status":"publish","type":"post","link":"https:\/\/rdnews.al\/index.php\/2022\/05\/26\/sala-dhe-saliu\/","title":{"rendered":"&#8220;Sala&#8221; dhe &#8220;Saliu&#8221;"},"content":{"rendered":"<p><strong>Nga Edison YPI<\/strong><\/p>\n<p>Pyete cili \u00ebsht\u00eb lideri legjendar i Partis\u00eb Demokratike:<\/p>\n<p>Po t\u00eb tha \u201cSala\u201d, p\u00ebrpara ke nj\u00eb djal\u00eb flori.<\/p>\n<p>Jo domosdoshm\u00ebrisht nga veriu. Shqiptar q\u00eb sheh pun\u00ebn e vet.<\/p>\n<p>Banon, t\u00eb themi, n\u00eb B\u00ebrxull. Ka tre f\u00ebmij\u00eb.<\/p>\n<p>Gruan, pleqt\u00eb, dhe f\u00ebmij\u00ebt, q\u00eb i mban me sakrifica. Mban m\u00ebnt mir\u00eb tmerret e kooperativ\u00ebs s\u00eb kurvit. Ka q\u00ebn\u00eb pak vite n\u00eb emigracion ku me pun\u00eb t\u00eb madhe ka fituar ca para dhe ka b\u00ebr\u00eb ca kursime me t\u00eb cilat ka ngritur nj\u00eb ferm\u00eb t\u00eb vog\u00ebl.<\/p>\n<p>E ka t\u00eb qart\u00eb se me ligje, detyrime, taksa, shteti i Sal\u00ebs, pra shteti i pun\u00ebs, nuk \u00ebsht\u00eb si shteti i kurvit q\u00eb favorizonte dembel\u00ebt, llafazan\u00ebt, spiun\u00ebt, por ll\u00ebr\u00ebp\u00ebrveshurit.<\/p>\n<p>Ka nd\u00ebrtuar me nj\u00eb mij\u00eb mundime nj\u00eb sht\u00ebpi modeste. Jeton sot pak m\u00eb mir\u00eb se dje, nes\u00ebr pak m\u00eb mir\u00eb se sot.<\/p>\n<p>Rrotull ka t\u00eb ardhur q\u00eb kan\u00eb nd\u00ebrtuar sht\u00ebpi edhe m\u00eb t\u00eb m\u00ebdha se t\u00eb tij\u00ebn. Por nuk i sheh me zili t\u00eb ardhurit shumica e t\u00eb cil\u00ebve kan\u00eb punuar n\u00eb Angli, Belgjik\u00eb, Gjermani, nd\u00ebrsa ai n\u00eb Greqi. Kan\u00eb gjetur pra nj\u00eb ekuilib\u00ebr dhe sillen n\u00eb m\u00ebnyr\u00eb diplomatike me nj\u00ebri-tjetrin.<\/p>\n<p>\u00cbsht\u00eb besimtar. Vete \u00e7do t\u00eb xhuma\u2019 n\u00eb xhami.<\/p>\n<p>Nga \u201997-a mban t\u00eb fshehur nj\u00eb kalashnikov. Lodhet nga puna. Nuk sheh shum\u00eb televizor. Gazetave sa u hedh nj\u00eb sy. Nuk merr kurr\u00eb n\u00eb telefon televizionet dhe radiot. Celulari dhe Interneti i duken gj\u00ebra jo serioze.<\/p>\n<p>I b\u00ebhet zemra mal p\u00ebr \u201cRrug\u00ebn e Kombit\u201d. I vjen keq p\u00ebr Kosov\u00ebn dhe kosovar\u00ebt q\u00eb nuk i kan\u00eb fort\u2019 mir\u00eb pun\u00ebt.<\/p>\n<p>E deh ideja e Sal\u00ebs p\u00ebr ta mbjell\u00eb Shqip\u00ebrin\u00eb me arra, bajame, ullinj, fiq. Nuk llap p\u00ebr politik\u00eb. Pret dit\u00ebn e votimit.<\/p>\n<p>Kur d\u00ebgjon se Partia Demokratike ka miting dhe se n\u00eb at\u00eb miting do flasi Sala, fluturon nga qefi.<\/p>\n<p>Vishet mbathet, lahet, krihet, merr nj\u00eb parrull\u00eb dhe shkon n\u00eb miting, ku b\u00ebrtet kund\u00ebr komunistave, spiun\u00ebve.<\/p>\n<p>Deri n\u00eb mitingun tjet\u00ebr nuk llafoset nuk mburret, vazhdon punon, jeton, b\u00ebn qef me gruan, rrit f\u00ebmij\u00ebt.<\/p>\n<p>I vjen p\u00ebr t\u00eb qeshur me ata q\u00eb Sal\u00ebn e quajn\u00eb Saliu. Thot\u00eb me vete; N\u00ebse Sala do quhej Saliu, pse t\u00eb mos quhet edhe Edi Ediu ?!<\/p>\n<p>Ama po e pyete tjetrin cili \u00ebsht\u00eb Kryetari i Partis\u00eb Demokratike dhe t\u00eb tha \u201cSaliu\u201d, tabloja \u00ebsht\u00eb krejt tjet\u00ebr.<\/p>\n<p>Para ke nj\u00eb monst\u00ebr. Jo domosdoshm\u00ebrisht nga jugu. N\u00ebse jo vet\u00eb, e pamundur t\u00eb mos ket\u00eb pasur baban\u00eb a xhaxhan\u00eb a ndonj\u00eb tjet\u00ebr n\u00eb Sigurim. Banon, ta zem\u00eb, n\u00eb nj\u00eb fshat andej nga Mallakastra.<\/p>\n<p>Rri shum\u00eb n\u00eb kafene. \u00cbsht\u00eb thashethemexhi i ndyr\u00eb. Merr n\u00ebp\u00ebr goj\u00eb katundin.<\/p>\n<p>Mburret n\u00ebn z\u00eb se s\u2019ka q\u00ebn\u00eb dosido por brigadier, shef, kryetar.<\/p>\n<p>E th\u00ebrrisnin shpesh n\u00eb Fier p\u00ebr ca gj\u00ebra q\u00eb tani nuk guxon t\u00eb flasi.<\/p>\n<p>Nuk \u00ebsht\u00eb besimtar. Me Zotin, Per\u00ebndin\u00eb, Kish\u00ebn, Xhamin\u00eb, s\u2019e lidh asgj\u00eb.<\/p>\n<p>Ka ngritur vil\u00eb t\u00eb madhe me hidromasazh, me basen, me t\u00eb gjitha. Nuk ja kan\u00eb zilin\u00eb.<\/p>\n<p>T\u00eb gjith\u00eb e din\u00eb se vila e tij nuk \u00ebsht\u00eb hallall por harram.<\/p>\n<p>Mbjell hashish n\u00eb parcela larg fshatit. Ka korruptuar kryeplakun dhe dy polica.<\/p>\n<p>Ka dy f\u00ebmij\u00eb, asnj\u00ebrin n\u00eb terezi p\u00ebr shkak t\u00eb hashishit t\u00eb babait.<\/p>\n<p>B\u00ebn gjith\u00eb koh\u00ebn propagand\u00eb kurviste n\u00eb stilin; \u201cMe gjak e mor\u00ebm, me gjak do ta mbajm\u00eb\u201d. M\u00ebngjezeve u telefonon televizorave, ku l\u00ebshon kushtrime komuniste; I b\u00ebj thirrje trupit diplomatik t\u00eb gjitha shteteve t\u00eb bot\u00ebs kund\u00ebr Saliut etj. etj. Urren Kosov\u00ebn, kosovar\u00ebt, \u201cRrug\u00ebn e Kombit\u201d, \u201cmalok\u00ebt\u201d.<\/p>\n<p>Sala dhe Saliu jan\u00eb i nj\u00ebjti njeri por jo e nj\u00ebjta gj\u00eb!<\/p>\n","protected":false},"excerpt":{"rendered":"<p>Nga Edison YPI Pyete cili \u00ebsht\u00eb lideri legjendar i Partis\u00eb Demokratike: Po t\u00eb tha \u201cSala\u201d, p\u00ebrpara ke nj\u00eb djal\u00eb flori. Jo domosdoshm\u00ebrisht nga veriu. Shqiptar q\u00eb sheh pun\u00ebn e vet. Banon, t\u00eb themi, n\u00eb B\u00ebrxull. Ka tre f\u00ebmij\u00eb. Gruan, pleqt\u00eb, dhe f\u00ebmij\u00ebt, q\u00eb i mban me sakrifica. Mban m\u00ebnt mir\u00eb tmerret e kooperativ\u00ebs s\u00eb kurvit. &hellip;<\/p>\n","protected":false},"author":4,"featured_media":13485,"comment_status":"open","ping_status":"open","sticky":false,"template":"","format":"standard","meta":{"footnotes":""},"categories":[44],"tags":[],"class_list":["post-13484","post","type-post","status-publish","format-standard","has-post-thumbnail","","category-editorial"],"_links":{"self":[{"href":"https:\/\/rdnews.al\/index.php\/wp-json\/wp\/v2\/posts\/13484","targetHints":{"allow":["GET"]}}],"collection":[{"href":"https:\/\/rdnews.al\/index.php\/wp-json\/wp\/v2\/posts"}],"about":[{"href":"https:\/\/rdnews.al\/index.php\/wp-json\/wp\/v2\/types\/post"}],"author":[{"embeddable":true,"href":"https:\/\/rdnews.al\/index.php\/wp-json\/wp\/v2\/users\/4"}],"replies":[{"embeddable":true,"href":"https:\/\/rdnews.al\/index.php\/wp-json\/wp\/v2\/comments?post=13484"}],"version-history":[{"count":0,"href":"https:\/\/rdnews.al\/index.php\/wp-json\/wp\/v2\/posts\/13484\/revisions"}],"wp:featuredmedia":[{"embeddable":true,"href":"https:\/\/rdnews.al\/index.php\/wp-json\/wp\/v2\/media\/13485"}],"wp:attachment":[{"href":"https:\/\/rdnews.al\/index.php\/wp-json\/wp\/v2\/media?parent=13484"}],"wp:term":[{"taxonomy":"category","embeddable":true,"href":"https:\/\/rdnews.al\/index.php\/wp-json\/wp\/v2\/categories?post=13484"},{"taxonomy":"post_tag","embeddable":true,"href":"https:\/\/rdnews.al\/index.php\/wp-json\/wp\/v2\/tags?post=13484"}],"curies":[{"name":"wp","href":"https:\/\/api.w.org\/{rel}","templated":true}]}}