{"id":134928,"date":"2026-01-31T11:03:20","date_gmt":"2026-01-31T11:03:20","guid":{"rendered":"https:\/\/rdnews.al\/?p=134928"},"modified":"2026-01-31T11:06:08","modified_gmt":"2026-01-31T11:06:08","slug":"bashkia-po-na-heq-buken-e-gojes-potesta-detyron-ramen-te-anuloje-viziten-ne-vlore","status":"publish","type":"post","link":"https:\/\/rdnews.al\/index.php\/2026\/01\/31\/bashkia-po-na-heq-buken-e-gojes-potesta-detyron-ramen-te-anuloje-viziten-ne-vlore\/","title":{"rendered":"&#8220;Bashkia po na heq buk\u00ebn e goj\u00ebs&#8221;, protesta detyron Ram\u00ebn t\u00eb anuloj\u00eb vizit\u00ebn n\u00eb Vlor\u00eb"},"content":{"rendered":"<p>Edi Rama anulon vizit\u00ebn e parashikuar p\u00ebr n\u00eb Vlor\u00eb. \u00ebsohet se kryeministri nuk ka shkuar n\u00eb qytetin bregdetar.<\/p>\n<p>Atje e priste nj\u00eb protest\u00eb e tregtar\u00ebve t\u00eb qytetit.<\/p>\n<p>Por kjo \u00ebsht\u00eb e vetmja protest\u00eb q\u00eb ka p\u00ebrfshir\u00eb k\u00ebt\u00eb qytet koh\u00ebn e fundit. Nuk dihen arsyet e k\u00ebtij anulimi, por m\u00ebsohet se gjith\u00e7ka \u00ebsht\u00eb raportuar n\u00eb \u00e7astet e fundit.<\/p>\n<p>Tregtar\u00ebt e Vlor\u00ebs kan\u00eb dal\u00eb s\u00ebrish sot n\u00eb protest\u00eb para Teatrit \u201cPetro Marko\u201d, duke kund\u00ebrshtuar vendimin e K\u00ebshillit Bashkiak p\u00ebr zhvendosjen e tyre nga zonat aktuale t\u00eb tregtimit. Sipas vendimit t\u00eb miratuar, tregtar\u00ebt e fruta-perimeve do t\u00eb zhvendosen n\u00eb tregun e \u00c7oles, nd\u00ebrsa tregtar\u00ebt industrial\u00eb n\u00eb tregun e Shumic\u00ebs n\u00eb Jalli t\u00eb Nart\u00ebs.<\/p>\n<p>Protestuesit shprehen se vendimi \u00ebsht\u00eb marr\u00eb pa nj\u00eb konsultim real me ta dhe pa u ofruar garanci p\u00ebr kushtet minimale t\u00eb pun\u00ebs.<\/p>\n<p>\u201cVendimet po merren nga zyra, pa u pyetur ata q\u00eb preken drejtp\u00ebrdrejt. Ne nuk jemi kund\u00ebr rregullit, por kund\u00ebr nj\u00eb vendimi q\u00eb na shkat\u00ebrron pun\u00ebn\u201d, shprehen tregtar\u00ebt<\/p>\n<p>Ata theksojn\u00eb se zhvendosja larg qendr\u00ebs s\u00eb qytetit i largon nga klient\u00ebt dhe rrezikon seriozisht mbijetes\u00ebn ekonomike t\u00eb familjeve q\u00eb jetojn\u00eb nga ky aktivitet.<\/p>\n<p>Tregtar\u00ebt kan\u00eb deklaruar se ky vendim \u00ebsht\u00eb marr\u00eb pa asnj\u00eb konsultim real me ta dhe pa u ofruar garanci p\u00ebr kushtet minimale t\u00eb pun\u00ebs. Gjithashtu protestuesit shprehen se zhvendosja n\u00eb k\u00ebto zona i largon nga qendra e qytetit dhe nga klient\u00ebt e tyre, duke rrezikuar seriozisht mbijetes\u00ebn ekonomike t\u00eb dhjet\u00ebra familjeve.<\/p>\n<p>Sakaq, qytetar\u00ebt kan\u00eb deklaruar se tregjet e reja nuk jan\u00eb funksionale, nuk kan\u00eb infrastruktur\u00eb t\u00eb p\u00ebrshtatshme dhe nuk ofrojn\u00eb siguri p\u00ebr vijimin normal t\u00eb aktivitetit tregtar.<\/p>\n<p>Nj\u00eb dit\u00eb m\u00eb par\u00eb, Rama ishte n\u00eb nj\u00eb takim me fermer\u00ebt e Divjak\u00ebs. Ai refuzoi t\u2019u p\u00ebrgjigjej atyre, por ata e gozhduan, duke i k\u00ebrkuar q\u00eb t\u00eb jap\u00eb llogari p\u00ebrpara se t\u00eb largohej.<\/p>\n","protected":false},"excerpt":{"rendered":"<p>Edi Rama anulon vizit\u00ebn e parashikuar p\u00ebr n\u00eb Vlor\u00eb. \u00ebsohet se kryeministri nuk ka shkuar n\u00eb qytetin bregdetar. Atje e priste nj\u00eb protest\u00eb e tregtar\u00ebve t\u00eb qytetit. Por kjo \u00ebsht\u00eb e vetmja protest\u00eb q\u00eb ka p\u00ebrfshir\u00eb k\u00ebt\u00eb qytet koh\u00ebn e fundit. Nuk dihen arsyet e k\u00ebtij anulimi, por m\u00ebsohet se gjith\u00e7ka \u00ebsht\u00eb raportuar n\u00eb \u00e7astet &hellip;<\/p>\n","protected":false},"author":4,"featured_media":130305,"comment_status":"closed","ping_status":"closed","sticky":false,"template":"","format":"standard","meta":{"footnotes":""},"categories":[37],"tags":[],"class_list":["post-134928","post","type-post","status-publish","format-standard","has-post-thumbnail","","category-politike"],"_links":{"self":[{"href":"https:\/\/rdnews.al\/index.php\/wp-json\/wp\/v2\/posts\/134928","targetHints":{"allow":["GET"]}}],"collection":[{"href":"https:\/\/rdnews.al\/index.php\/wp-json\/wp\/v2\/posts"}],"about":[{"href":"https:\/\/rdnews.al\/index.php\/wp-json\/wp\/v2\/types\/post"}],"author":[{"embeddable":true,"href":"https:\/\/rdnews.al\/index.php\/wp-json\/wp\/v2\/users\/4"}],"replies":[{"embeddable":true,"href":"https:\/\/rdnews.al\/index.php\/wp-json\/wp\/v2\/comments?post=134928"}],"version-history":[{"count":3,"href":"https:\/\/rdnews.al\/index.php\/wp-json\/wp\/v2\/posts\/134928\/revisions"}],"predecessor-version":[{"id":134931,"href":"https:\/\/rdnews.al\/index.php\/wp-json\/wp\/v2\/posts\/134928\/revisions\/134931"}],"wp:featuredmedia":[{"embeddable":true,"href":"https:\/\/rdnews.al\/index.php\/wp-json\/wp\/v2\/media\/130305"}],"wp:attachment":[{"href":"https:\/\/rdnews.al\/index.php\/wp-json\/wp\/v2\/media?parent=134928"}],"wp:term":[{"taxonomy":"category","embeddable":true,"href":"https:\/\/rdnews.al\/index.php\/wp-json\/wp\/v2\/categories?post=134928"},{"taxonomy":"post_tag","embeddable":true,"href":"https:\/\/rdnews.al\/index.php\/wp-json\/wp\/v2\/tags?post=134928"}],"curies":[{"name":"wp","href":"https:\/\/api.w.org\/{rel}","templated":true}]}}