{"id":134934,"date":"2026-01-31T11:18:22","date_gmt":"2026-01-31T11:18:22","guid":{"rendered":"https:\/\/rdnews.al\/?p=134934"},"modified":"2026-01-31T11:18:22","modified_gmt":"2026-01-31T11:18:22","slug":"berisha-me-10-shkurt-te-tregojme-fuqine-dhe-vendosmerine-tone-se-ne-do-jemi-fitimtaret-ne-kete-vend","status":"publish","type":"post","link":"https:\/\/rdnews.al\/index.php\/2026\/01\/31\/berisha-me-10-shkurt-te-tregojme-fuqine-dhe-vendosmerine-tone-se-ne-do-jemi-fitimtaret-ne-kete-vend\/","title":{"rendered":"Berisha: M\u00eb 10 shkurt t\u00eb tregojm\u00eb fuqin\u00eb dhe vendosm\u00ebrin\u00eb ton\u00eb se ne do jemi fitimtar\u00ebt n\u00eb k\u00ebt\u00eb vend!"},"content":{"rendered":"<p>Kryetari i PD, Sali Berisha, gjat\u00eb nj\u00eb bashk\u00ebbisedimi me qytetar\u00ebt n\u00eb rrjetet sociale theksoi suksesin e protest\u00ebs s\u00eb dat\u00ebs 24 janar, e cila, sipas tij, tronditi strukturat e pushtetit t\u00eb Edi Ram\u00ebs dhe po d\u00ebrgon nj\u00eb paralajm\u00ebrim t\u00eb qart\u00eb p\u00ebr vazhdimin e luft\u00ebs politike dhe shoq\u00ebrore.<br \/>\nAi tha se ky moment ka sh\u00ebnuar nj\u00eb hap t\u00eb r\u00ebnd\u00ebsish\u00ebm n\u00eb p\u00ebrmbysjen e regjimit t\u00eb Rilindjes dhe se protestat e ardhshme, n\u00eb ve\u00e7anti ajo e 10 shkurtit, do t\u00eb jen\u00eb nj\u00eb shans p\u00ebr t\u00eb treguar forc\u00ebn dhe vendosm\u00ebrin\u00eb e qytetar\u00ebve shqiptar\u00eb p\u00ebr t\u00eb sjell\u00eb ndryshimin e shum\u00ebpritur.<br \/>\nBerisha u b\u00ebri thirrje qytetar\u00ebve q\u00eb t\u00eb angazhohen p\u00ebr nj\u00eb q\u00ebndres\u00eb t\u00eb pandalur deri n\u00eb arritjen e objektivave t\u00eb tyre, duke theksuar se vet\u00ebm p\u00ebrmes q\u00ebndrimit t\u00eb bashkuar dhe t\u00eb vendosur mund t\u00eb arrihet fitorja p\u00ebr Shqip\u00ebrin\u00eb.<\/p>\n<p><strong>Berisha:<\/strong> T\u00eb dashur qytetar\u00eb dhe qytetare q\u00eb ndiqni k\u00ebt\u00eb bised\u00eb timen t\u00eb p\u00ebrjavshme me ju n\u00eb rrjetet sociale, kam k\u00ebnaq\u00ebsin\u00eb t\u2019u adresohem ju pas suksesit t\u00eb r\u00ebnd\u00ebsish\u00ebm q\u00eb arrit\u00ebm m\u00eb 24 janar n\u00eb protest\u00ebn 3-or\u00ebshe, n\u00eb t\u00eb cil\u00ebn n\u00eb realitet brenda dhe jasht\u00eb vendit u dridhen themelet e kalb\u00ebsir\u00ebs Rilindje apo organizat\u00eb kriminale t\u00eb kryesuar nga Edi Rama.<br \/>\nSi\u00e7 konstatoni, ka nj\u00eb panik t\u00eb madh nga narko-nomenklatura, nga organizata kriminale dhe tellall\u00ebt e saj n\u00eb mediat e blera.<br \/>\nKan\u00eb nj\u00eb jav\u00eb q\u00eb nuk pushojn\u00eb me t\u00ebrbim kund\u00ebr qytetar\u00ebve protestues, protest\u00ebs dhe p\u00ebrpiqen me shiringa t\u00eb mbajn\u00eb, t\u2019i japin zem\u00ebr Edi Ram\u00ebs, i cili \u00e7\u2019\u00ebsht\u00eb e v\u00ebrteta \u00ebsht\u00eb n\u00eb koh\u00ebrat e fundit t\u00eb regjimit t\u00eb tij t\u00eb urryer p\u00ebr shqiptar\u00ebt.<br \/>\nSi\u00e7 e pat\u00eb vet\u00eb, ai nuk dor\u00ebzon dot p\u00ebr asnj\u00eb rrethan\u00eb, asnj\u00eb mund\u00ebsi imunitetin e Lubi Ballukut sepse e di se duhet t\u00eb dor\u00ebzoj\u00eb l\u00ebkur\u00ebn e tij, karrigen e tij.<br \/>\nDje u paraqit n\u00eb Divjak\u00eb para fermer\u00ebve me Ballukun n\u00eb krah, por i tronditur gjer n\u00eb palc\u00eb, k\u00ebrc\u00ebnues dhe arrogant ndaj fermer\u00ebve q\u00eb haptas i shprehnin pak\u00ebnaq\u00ebsit\u00eb e m\u00ebdha, denonconin politikat e tij kund\u00ebr fermer\u00ebve shqiptar\u00eb.<br \/>\nPra, mund t\u00eb themi se regjimi po ec\u00ebn drejt agonis\u00eb dhe gjith\u00e7ka varet nga ne, nga opozita shqiptare.<br \/>\nGjith\u00e7ka varet nga kryengritja paq\u00ebsore q\u00eb nuk duhet t\u00eb ndalet kurr\u00eb gjer n\u00eb p\u00ebrmbysjen e Edi Ram\u00ebs.<br \/>\nPik\u00ebrisht n\u00eb k\u00ebt\u00eb kuad\u00ebr, ne thirr\u00ebm protest\u00ebn tjet\u00ebr me dat\u00ebn 10 shkurt, dit\u00ebn e mart\u00eb, n\u00eb m\u00ebnyr\u00eb q\u00eb t\u00eb marrim dhe nj\u00ebher\u00eb paralajm\u00ebrimin m\u00eb serioz p\u00ebr largimin e tyre nga pushteti.<br \/>\nMiq, gjat\u00eb k\u00ebtyre dit\u00ebve jan\u00eb me qindra qytetar\u00eb dhe qytetare q\u00eb k\u00ebrkojn\u00eb me shum\u00eb t\u00eb drejt\u00eb q\u00eb n\u00eb protest\u00eb t\u00eb mos largohemi nga sheshi pa realizimin e q\u00ebllimit ton\u00eb.<br \/>\nKjo \u00ebsht\u00eb nj\u00eb k\u00ebrkes\u00eb jasht\u00ebzakonisht e drejt\u00eb dhe \u00ebsht\u00eb rruga e vetme efikase p\u00ebr t\u00eb larguar k\u00ebt\u00eb regjim nga pushteti.<br \/>\nPor kjo k\u00ebrkon nga secili nga ne q\u00eb t\u00eb bindim gjithnj\u00eb e m\u00eb shum\u00eb qytetar\u00eb se q\u00ebndrimi n\u00eb shesh p\u00ebr aq koh\u00eb sa ta largojm\u00eb regjimin \u00ebsht\u00eb rruga m\u00eb e sigurt e fitores ton\u00eb.<br \/>\nU garantoj se drejt asaj n\u00eb m\u00ebnyr\u00eb t\u00eb pandalshme do t\u00eb shkojm\u00eb.<br \/>\nEdi Rama t\u00eb b\u00ebj\u00eb \u00e7\u2019t\u00eb doj\u00eb, mbrapa diellit t\u00eb shkoj\u00eb, shpres\u00eb nuk ka, do shkoj\u00eb aty ku e ka vendin, aty ku e kan\u00eb vendin hajdut\u00ebt dhe kriminel\u00ebt q\u00eb qeverisin nj\u00eb vend me lidhje t\u00eb forta me kartelet e drog\u00ebs, krimin dhe fars\u00eb elektorale.<br \/>\nNdaj dhe duke u falenderuar shum\u00eb p\u00ebr at\u00eb angazhim t\u00eb jasht\u00ebzakonsh\u00ebm q\u00eb treguat m\u00eb 24 janar, u ftoj t\u00eb shum\u00ebfishojm\u00eb forcat dhe t\u00eb bashkohemi n\u00eb protest\u00ebn e ardhshme.<br \/>\nT\u00eb tregojm\u00eb fuqin\u00eb ton\u00eb, t\u00eb tregojm\u00eb vendosm\u00ebrin\u00eb ton\u00eb, t\u00eb tregojm\u00eb se ne do jemi fitimtar\u00ebt n\u00eb k\u00ebt\u00eb vend.<\/p>\n","protected":false},"excerpt":{"rendered":"<p>Kryetari i PD, Sali Berisha, gjat\u00eb nj\u00eb bashk\u00ebbisedimi me qytetar\u00ebt n\u00eb rrjetet sociale theksoi suksesin e protest\u00ebs s\u00eb dat\u00ebs 24 janar, e cila, sipas tij, tronditi strukturat e pushtetit t\u00eb Edi Ram\u00ebs dhe po d\u00ebrgon nj\u00eb paralajm\u00ebrim t\u00eb qart\u00eb p\u00ebr vazhdimin e luft\u00ebs politike dhe shoq\u00ebrore. Ai tha se ky moment ka sh\u00ebnuar nj\u00eb hap &hellip;<\/p>\n","protected":false},"author":4,"featured_media":134935,"comment_status":"closed","ping_status":"closed","sticky":false,"template":"","format":"standard","meta":{"footnotes":""},"categories":[37],"tags":[],"class_list":["post-134934","post","type-post","status-publish","format-standard","has-post-thumbnail","","category-politike"],"_links":{"self":[{"href":"https:\/\/rdnews.al\/index.php\/wp-json\/wp\/v2\/posts\/134934","targetHints":{"allow":["GET"]}}],"collection":[{"href":"https:\/\/rdnews.al\/index.php\/wp-json\/wp\/v2\/posts"}],"about":[{"href":"https:\/\/rdnews.al\/index.php\/wp-json\/wp\/v2\/types\/post"}],"author":[{"embeddable":true,"href":"https:\/\/rdnews.al\/index.php\/wp-json\/wp\/v2\/users\/4"}],"replies":[{"embeddable":true,"href":"https:\/\/rdnews.al\/index.php\/wp-json\/wp\/v2\/comments?post=134934"}],"version-history":[{"count":1,"href":"https:\/\/rdnews.al\/index.php\/wp-json\/wp\/v2\/posts\/134934\/revisions"}],"predecessor-version":[{"id":134936,"href":"https:\/\/rdnews.al\/index.php\/wp-json\/wp\/v2\/posts\/134934\/revisions\/134936"}],"wp:featuredmedia":[{"embeddable":true,"href":"https:\/\/rdnews.al\/index.php\/wp-json\/wp\/v2\/media\/134935"}],"wp:attachment":[{"href":"https:\/\/rdnews.al\/index.php\/wp-json\/wp\/v2\/media?parent=134934"}],"wp:term":[{"taxonomy":"category","embeddable":true,"href":"https:\/\/rdnews.al\/index.php\/wp-json\/wp\/v2\/categories?post=134934"},{"taxonomy":"post_tag","embeddable":true,"href":"https:\/\/rdnews.al\/index.php\/wp-json\/wp\/v2\/tags?post=134934"}],"curies":[{"name":"wp","href":"https:\/\/api.w.org\/{rel}","templated":true}]}}