{"id":134937,"date":"2026-01-31T11:21:20","date_gmt":"2026-01-31T11:21:20","guid":{"rendered":"https:\/\/rdnews.al\/?p=134937"},"modified":"2026-01-31T11:21:20","modified_gmt":"2026-01-31T11:21:20","slug":"berisha-pasardhesit-e-bllokmeneve-nuk-pyesin-per-shqiperine-tjeter-pervec-tiranes-se-karrigeve","status":"publish","type":"post","link":"https:\/\/rdnews.al\/index.php\/2026\/01\/31\/berisha-pasardhesit-e-bllokmeneve-nuk-pyesin-per-shqiperine-tjeter-pervec-tiranes-se-karrigeve\/","title":{"rendered":"Berisha: Pasardh\u00ebsit e bllokmen\u00ebve nuk pyesin p\u00ebr Shqip\u00ebrin\u00eb tjet\u00ebr, p\u00ebrve\u00e7 Tiran\u00ebs s\u00eb karrigeve"},"content":{"rendered":"<p>Kryetari i PD, Sali Berisha, gjat\u00eb nj\u00eb bashk\u00ebbisedimi me qytetar\u00ebt n\u00eb rrjetet sociale, u shpreh n\u00eb lidhje me organizimin e protestave dhe strategjin\u00eb e opozit\u00ebs.<\/p>\n<p>Ai i dha p\u00ebrgjigje nj\u00eb sugjerimi nga qytetar\u00ebt p\u00ebr t\u00eb organizuar protesta n\u00eb disa qytete t\u00eb Shqip\u00ebris\u00eb, duke theksuar se pasardh\u00ebsit e regjimit t\u00eb kaluar, p\u00ebrfshir\u00eb kryeministrin Edi Rama, nuk jan\u00eb t\u00eb interesuar p\u00ebr zhvillimin e vendit p\u00ebrtej Tiran\u00ebs.<\/p>\n<p><strong>Pirro Bano:<\/strong> Kam nj\u00eb mendim, pse mos t\u00eb b\u00ebhen protesta n\u00eb t\u00eb nj\u00ebjt\u00ebn koh\u00eb n\u00eb 4-5 qytete t\u00eb ndryshme sepse mendoj se do mblidhen m\u00eb shum\u00eb njer\u00ebz dhe do ken\u00eb efekt.<\/p>\n<p><strong>Sali Berisha:<\/strong> T\u00eb fal\u00ebnderoj shum\u00eb p\u00ebr mendimin dhe sugjerimin tuaj. Ju rikujtoj k\u00ebtu se, pasardh\u00ebsit direkt t\u00eb bllokmen\u00ebve nuk pyesin p\u00ebr Shqip\u00ebrin\u00eb tjet\u00ebr, p\u00ebrve\u00e7 Tiran\u00ebn e karrigeve.<br \/>\nM\u00eb kujtohet si sot, kur Ramiz Aliaj thoshte se, Kavaj\u00ebn nuk e qeverisim ne, por ai gjithnj\u00eb kishte hallin e Tiran\u00ebs. Ndaj dhe ne duhet t\u00eb ua b\u00ebjm\u00eb ferr k\u00ebsaj organizate kriminale, Tiran\u00ebn. Kjo \u00ebsht\u00eb arsyeja se pse ne p\u00ebrqendrohemi t\u00ebr\u00ebsisht n\u00eb Tiran\u00eb.<\/p>\n","protected":false},"excerpt":{"rendered":"<p>Kryetari i PD, Sali Berisha, gjat\u00eb nj\u00eb bashk\u00ebbisedimi me qytetar\u00ebt n\u00eb rrjetet sociale, u shpreh n\u00eb lidhje me organizimin e protestave dhe strategjin\u00eb e opozit\u00ebs. Ai i dha p\u00ebrgjigje nj\u00eb sugjerimi nga qytetar\u00ebt p\u00ebr t\u00eb organizuar protesta n\u00eb disa qytete t\u00eb Shqip\u00ebris\u00eb, duke theksuar se pasardh\u00ebsit e regjimit t\u00eb kaluar, p\u00ebrfshir\u00eb kryeministrin Edi Rama, nuk &hellip;<\/p>\n","protected":false},"author":4,"featured_media":134938,"comment_status":"closed","ping_status":"closed","sticky":false,"template":"","format":"standard","meta":{"footnotes":""},"categories":[37],"tags":[],"class_list":["post-134937","post","type-post","status-publish","format-standard","has-post-thumbnail","","category-politike"],"_links":{"self":[{"href":"https:\/\/rdnews.al\/index.php\/wp-json\/wp\/v2\/posts\/134937","targetHints":{"allow":["GET"]}}],"collection":[{"href":"https:\/\/rdnews.al\/index.php\/wp-json\/wp\/v2\/posts"}],"about":[{"href":"https:\/\/rdnews.al\/index.php\/wp-json\/wp\/v2\/types\/post"}],"author":[{"embeddable":true,"href":"https:\/\/rdnews.al\/index.php\/wp-json\/wp\/v2\/users\/4"}],"replies":[{"embeddable":true,"href":"https:\/\/rdnews.al\/index.php\/wp-json\/wp\/v2\/comments?post=134937"}],"version-history":[{"count":1,"href":"https:\/\/rdnews.al\/index.php\/wp-json\/wp\/v2\/posts\/134937\/revisions"}],"predecessor-version":[{"id":134939,"href":"https:\/\/rdnews.al\/index.php\/wp-json\/wp\/v2\/posts\/134937\/revisions\/134939"}],"wp:featuredmedia":[{"embeddable":true,"href":"https:\/\/rdnews.al\/index.php\/wp-json\/wp\/v2\/media\/134938"}],"wp:attachment":[{"href":"https:\/\/rdnews.al\/index.php\/wp-json\/wp\/v2\/media?parent=134937"}],"wp:term":[{"taxonomy":"category","embeddable":true,"href":"https:\/\/rdnews.al\/index.php\/wp-json\/wp\/v2\/categories?post=134937"},{"taxonomy":"post_tag","embeddable":true,"href":"https:\/\/rdnews.al\/index.php\/wp-json\/wp\/v2\/tags?post=134937"}],"curies":[{"name":"wp","href":"https:\/\/api.w.org\/{rel}","templated":true}]}}