{"id":134940,"date":"2026-01-31T11:25:03","date_gmt":"2026-01-31T11:25:03","guid":{"rendered":"https:\/\/rdnews.al\/?p=134940"},"modified":"2026-01-31T11:25:03","modified_gmt":"2026-01-31T11:25:03","slug":"vdekshim-ne-qe-ja-ju-dhame-voten-revolta-e-tregtaret-ne-vlore-ndaj-rames","status":"publish","type":"post","link":"https:\/\/rdnews.al\/index.php\/2026\/01\/31\/vdekshim-ne-qe-ja-ju-dhame-voten-revolta-e-tregtaret-ne-vlore-ndaj-rames\/","title":{"rendered":"&#8220;Vdekshim ne q\u00eb ja ju dham\u00eb vot\u00ebn&#8221;! Revolta e tregtar\u00ebt n\u00eb Vlor\u00eb ndaj Ram\u00ebs"},"content":{"rendered":"<p>Tregtar\u00ebt e Vlor\u00ebs jan\u00eb rikthyer sot n\u00eb protest\u00eb para Teatrit \u201cPetro Marko\u201d, duke shprehur indinjat\u00ebn ndaj vendimit t\u00eb K\u00ebshillit Bashkiak p\u00ebr zhvendosjen e tyre nga zonat aktuale t\u00eb tregtimit.<\/p>\n<p>Sipas tregtar\u00ebve, vendimi p\u00ebr t\u00eb zhvendosur tregun e fruta-perimeve n\u00eb tregun e \u00c7oles dhe tregun industrial n\u00eb Shumic\u00ebn e Jallit t\u00eb Nart\u00ebs \u00ebsht\u00eb marr\u00eb pa asnj\u00eb konsultim real dhe pa garanci p\u00ebr kushtet minimale t\u00eb pun\u00ebs.<\/p>\n<p>Me thirrje t\u00eb forta, ata p\u00ebrs\u00ebrisin mesazhin e tyre: \u201cA vdekshim ne q\u00eb ja ju dham voten 100% ju!\u201d, duke e b\u00ebr\u00eb t\u00eb qart\u00eb zem\u00ebrimin ndaj vendimmarrjes q\u00eb e d\u00ebmton r\u00ebnd\u00eb ekonomin\u00eb e familjeve q\u00eb jetojn\u00eb nga ky aktivitet.<\/p>\n<p>Tregtar\u00ebt paralajm\u00ebrojn\u00eb se protestat do t\u00eb vijojn\u00eb derisa pushteti lokal t\u00eb hap\u00eb nj\u00eb proces real konsultimi dhe t\u00eb garantoj\u00eb kushte t\u00eb sigurta dhe funksionale p\u00ebr tregjet e reja.<\/p>\n","protected":false},"excerpt":{"rendered":"<p>Tregtar\u00ebt e Vlor\u00ebs jan\u00eb rikthyer sot n\u00eb protest\u00eb para Teatrit \u201cPetro Marko\u201d, duke shprehur indinjat\u00ebn ndaj vendimit t\u00eb K\u00ebshillit Bashkiak p\u00ebr zhvendosjen e tyre nga zonat aktuale t\u00eb tregtimit. Sipas tregtar\u00ebve, vendimi p\u00ebr t\u00eb zhvendosur tregun e fruta-perimeve n\u00eb tregun e \u00c7oles dhe tregun industrial n\u00eb Shumic\u00ebn e Jallit t\u00eb Nart\u00ebs \u00ebsht\u00eb marr\u00eb pa asnj\u00eb &hellip;<\/p>\n","protected":false},"author":4,"featured_media":134941,"comment_status":"closed","ping_status":"closed","sticky":false,"template":"","format":"standard","meta":{"footnotes":""},"categories":[37],"tags":[],"class_list":["post-134940","post","type-post","status-publish","format-standard","has-post-thumbnail","","category-politike"],"_links":{"self":[{"href":"https:\/\/rdnews.al\/index.php\/wp-json\/wp\/v2\/posts\/134940","targetHints":{"allow":["GET"]}}],"collection":[{"href":"https:\/\/rdnews.al\/index.php\/wp-json\/wp\/v2\/posts"}],"about":[{"href":"https:\/\/rdnews.al\/index.php\/wp-json\/wp\/v2\/types\/post"}],"author":[{"embeddable":true,"href":"https:\/\/rdnews.al\/index.php\/wp-json\/wp\/v2\/users\/4"}],"replies":[{"embeddable":true,"href":"https:\/\/rdnews.al\/index.php\/wp-json\/wp\/v2\/comments?post=134940"}],"version-history":[{"count":1,"href":"https:\/\/rdnews.al\/index.php\/wp-json\/wp\/v2\/posts\/134940\/revisions"}],"predecessor-version":[{"id":134942,"href":"https:\/\/rdnews.al\/index.php\/wp-json\/wp\/v2\/posts\/134940\/revisions\/134942"}],"wp:featuredmedia":[{"embeddable":true,"href":"https:\/\/rdnews.al\/index.php\/wp-json\/wp\/v2\/media\/134941"}],"wp:attachment":[{"href":"https:\/\/rdnews.al\/index.php\/wp-json\/wp\/v2\/media?parent=134940"}],"wp:term":[{"taxonomy":"category","embeddable":true,"href":"https:\/\/rdnews.al\/index.php\/wp-json\/wp\/v2\/categories?post=134940"},{"taxonomy":"post_tag","embeddable":true,"href":"https:\/\/rdnews.al\/index.php\/wp-json\/wp\/v2\/tags?post=134940"}],"curies":[{"name":"wp","href":"https:\/\/api.w.org\/{rel}","templated":true}]}}