{"id":134943,"date":"2026-01-31T11:30:00","date_gmt":"2026-01-31T11:30:00","guid":{"rendered":"https:\/\/rdnews.al\/?p=134943"},"modified":"2026-01-31T11:30:00","modified_gmt":"2026-01-31T11:30:00","slug":"berisha-kombin-shqiptar-e-nxin-edi-rama-i-cili-bashke-me-familjen-e-tij-perveteson-miliarda-nga-pasurite-publike-te-shqiptareve","status":"publish","type":"post","link":"https:\/\/rdnews.al\/index.php\/2026\/01\/31\/berisha-kombin-shqiptar-e-nxin-edi-rama-i-cili-bashke-me-familjen-e-tij-perveteson-miliarda-nga-pasurite-publike-te-shqiptareve\/","title":{"rendered":"Berisha: Kombin shqiptar e nxin Edi Rama, i cili bashk\u00eb me familjen e tij, p\u00ebrvet\u00ebson miliarda nga pasurit\u00eb publike t\u00eb shqiptar\u00ebve"},"content":{"rendered":"<p>Kryetari i PD, Sali Berisha gjat\u00eb nj\u00eb bashk\u00ebbisedimi me qytetar\u00ebt n\u00eb rrjetet sociale, tha se kombin shqiptar e nxin Edi Rama, i cili bashk\u00eb me familjen e tij, p\u00ebrvet\u00ebson miliarda nga pasurit\u00eb publike t\u00eb shqiptar\u00ebve.<br \/>\nAi gjithashtu denoncoi dhun\u00ebn politike ndaj opozit\u00ebs, arrestimet e lider\u00ebve opozitar\u00eb dhe korrupsionin q\u00eb ka p\u00ebrfshir\u00eb administrat\u00ebn qeveritare. Sipas Berish\u00ebs, Rama ka shnd\u00ebrruar Shqip\u00ebrin\u00eb n\u00eb nj\u00eb vend t\u00eb izoluara dhe t\u00eb autokratizuar, duke v\u00ebn\u00eb n\u00ebn k\u00ebrc\u00ebnim vlerat e demokracis\u00eb dhe t\u00eb drejtave t\u00eb njeriut.<\/p>\n<p><strong>Sali Berisha:<\/strong> Je gabim shum\u00eb, shum\u00eb. Ta them me sinqeritetin m\u00eb t\u00eb madh. Kombin shqiptar e nxijn\u00eb ata t\u00eb cil\u00ebt nuk b\u00ebjn\u00eb zgjedhje, po fars\u00eb elektorale.<br \/>\nKombin shqiptar e nxijn\u00eb ata t\u00eb cil\u00ebt presin n\u00eb zyr\u00ebn m\u00eb t\u00eb lart\u00eb t\u00eb shtetit, p\u00ebrfaq\u00ebsuesit e Sinaloas dhe i japin licenca p\u00ebr kaziono dhe hotel 5 yje.<br \/>\nKombin shqiptar e nxijn\u00eb ata t\u00eb cil\u00ebt arrestojn\u00eb n\u00eb vitin elektoral lider\u00ebt e opozit\u00ebs dhe jan\u00eb sot t\u00eb damkosur nga 115 parti politike n\u00eb mbar\u00eb bot\u00ebn p\u00ebr dhun\u00ebn politike ndaj opozit\u00ebs.<br \/>\nKombin shqiptar e nxijn\u00eb ata t\u00eb cil\u00ebt bllokojn\u00eb k\u00ebrkes\u00ebn e prokuroris\u00eb p\u00ebr heqjen e imunitetit p\u00ebr zv\/kryeministren n\u00eb nj\u00eb koh\u00eb kur ajo \u00ebsht\u00eb e kapur n\u00eb flagranc\u00eb.<br \/>\nKombin shqiptar e nxin Edi Rama, i cili bashk\u00eb me familjen e tij, p\u00ebrvet\u00ebson miliarda nga pasurit\u00eb publike t\u00eb shqiptar\u00ebve.<br \/>\nKombin shqiptar e nxijn\u00eb ata t\u00eb cil\u00ebt vjedhin 90% t\u00eb fondeve t\u00eb investimit dhe shiko rrug\u00ebt q\u00eb ka nd\u00ebrtuar me \u00e7mim t\u00eb 10-fisht\u00eb krahasuar me Europ\u00ebn, rrug\u00eb q\u00eb shpartallohen dhe shkat\u00ebrrohen n\u00eb shirat e para.<br \/>\nKombin shqiptar e nxijn\u00eb ata t\u00eb cil\u00ebt zhysin shqiptar\u00ebt nga qytetar\u00ebt m\u00eb t\u00eb paguar n\u00eb Ballkan n\u00eb qytetar\u00ebt me rroga dhe pensione m\u00eb t\u00eb ul\u00ebta.<br \/>\nKombin shqiptar e nxijn\u00eb ata t\u00eb cil\u00ebt kan\u00eb p\u00ebrz\u00ebn\u00eb nga Shqip\u00ebria n\u00eb 10 vite, 1 milion\u00eb e 100 mij\u00eb shqiptar\u00eb vet\u00ebm n\u00eb hap\u00ebsir\u00ebn e Shengen.<br \/>\nKombin shqiptar e nxijn\u00eb ata t\u00eb cil\u00ebt b\u00ebjn\u00eb pu\u00e7 dhe marrin t\u00eb gjitha pushtet n\u00eb nj\u00eb dor\u00eb.<br \/>\nI dashur zot\u00ebri k\u00ebto nuk i ka fshehur dot Edi Rama.<br \/>\nUn\u00eb po kthehem tani nga Asambleja Parlamentare e Strasburgut. Un\u00eb mund t\u00eb ju them ju, dhe po ua p\u00ebrs\u00ebris se n\u00eb historin\u00eb 75 vje\u00e7are t\u00eb K\u00ebshillit t\u00eb Europ\u00ebs, Edi Rama \u00ebsht\u00eb kryeministri i vet\u00ebm t\u00eb cilit pas takimit q\u00eb ka mbajtur i \u00ebsht\u00eb anuluar dreka dhe takimet zyrtare sepse ka folur sikur t\u00eb ishte i biri i Enver Hoxh\u00ebs, ose Gadafi.<br \/>\nUn\u00eb me z\u00ebrin tim q\u00eb denoncoj, mbroj ju, mbroj ata shqiptar\u00eb t\u00eb ndersh\u00ebm t\u00eb cil\u00ebt nuk pajtohen me k\u00ebto akte antikomb\u00ebtare, antikushtetuese, \u00e7njer\u00ebzore. Me k\u00ebto akte t\u00eb cilat Shqip\u00ebrin\u00eb e nxjerrin nga harta e demokracive dhe e vendosin n\u00eb hart\u00ebn e autokracive.<br \/>\nDuke denoncuar k\u00ebto publikisht ne i themi bot\u00ebs se, ky \u00ebsht\u00eb Edi Rama q\u00eb p\u00ebrfaq\u00ebson veten e tij dhe klanet e krimit, por jo qytetar\u00ebt shqiptar\u00eb.<br \/>\nNdaj dhe un\u00eb k\u00ebrkoj mir\u00ebkuptimin tuaj n\u00eb interpretimin e gabuar q\u00eb ju b\u00ebni.<\/p>\n","protected":false},"excerpt":{"rendered":"<p>Kryetari i PD, Sali Berisha gjat\u00eb nj\u00eb bashk\u00ebbisedimi me qytetar\u00ebt n\u00eb rrjetet sociale, tha se kombin shqiptar e nxin Edi Rama, i cili bashk\u00eb me familjen e tij, p\u00ebrvet\u00ebson miliarda nga pasurit\u00eb publike t\u00eb shqiptar\u00ebve. Ai gjithashtu denoncoi dhun\u00ebn politike ndaj opozit\u00ebs, arrestimet e lider\u00ebve opozitar\u00eb dhe korrupsionin q\u00eb ka p\u00ebrfshir\u00eb administrat\u00ebn qeveritare. Sipas Berish\u00ebs, &hellip;<\/p>\n","protected":false},"author":4,"featured_media":134944,"comment_status":"closed","ping_status":"closed","sticky":false,"template":"","format":"standard","meta":{"footnotes":""},"categories":[37],"tags":[],"class_list":["post-134943","post","type-post","status-publish","format-standard","has-post-thumbnail","","category-politike"],"_links":{"self":[{"href":"https:\/\/rdnews.al\/index.php\/wp-json\/wp\/v2\/posts\/134943","targetHints":{"allow":["GET"]}}],"collection":[{"href":"https:\/\/rdnews.al\/index.php\/wp-json\/wp\/v2\/posts"}],"about":[{"href":"https:\/\/rdnews.al\/index.php\/wp-json\/wp\/v2\/types\/post"}],"author":[{"embeddable":true,"href":"https:\/\/rdnews.al\/index.php\/wp-json\/wp\/v2\/users\/4"}],"replies":[{"embeddable":true,"href":"https:\/\/rdnews.al\/index.php\/wp-json\/wp\/v2\/comments?post=134943"}],"version-history":[{"count":1,"href":"https:\/\/rdnews.al\/index.php\/wp-json\/wp\/v2\/posts\/134943\/revisions"}],"predecessor-version":[{"id":134945,"href":"https:\/\/rdnews.al\/index.php\/wp-json\/wp\/v2\/posts\/134943\/revisions\/134945"}],"wp:featuredmedia":[{"embeddable":true,"href":"https:\/\/rdnews.al\/index.php\/wp-json\/wp\/v2\/media\/134944"}],"wp:attachment":[{"href":"https:\/\/rdnews.al\/index.php\/wp-json\/wp\/v2\/media?parent=134943"}],"wp:term":[{"taxonomy":"category","embeddable":true,"href":"https:\/\/rdnews.al\/index.php\/wp-json\/wp\/v2\/categories?post=134943"},{"taxonomy":"post_tag","embeddable":true,"href":"https:\/\/rdnews.al\/index.php\/wp-json\/wp\/v2\/tags?post=134943"}],"curies":[{"name":"wp","href":"https:\/\/api.w.org\/{rel}","templated":true}]}}