{"id":134946,"date":"2026-01-31T11:43:07","date_gmt":"2026-01-31T11:43:07","guid":{"rendered":"https:\/\/rdnews.al\/?p=134946"},"modified":"2026-01-31T11:43:07","modified_gmt":"2026-01-31T11:43:07","slug":"berisha-rama-eshte-i-trembur-sepse-dosja-balluku-dhe-dosja-e-akshi-t-jane-dosjet-e-tij","status":"publish","type":"post","link":"https:\/\/rdnews.al\/index.php\/2026\/01\/31\/berisha-rama-eshte-i-trembur-sepse-dosja-balluku-dhe-dosja-e-akshi-t-jane-dosjet-e-tij\/","title":{"rendered":"Berisha: Rama \u00ebsht\u00eb i trembur sepse dosja Balluku dhe dosja e AKSHI-t jan\u00eb dosjet e tij!"},"content":{"rendered":"<p>Kryetari i PD, Sali Berisha tha se, Edi Rama \u00ebsht\u00eb i trembur sepse dosja Balluku dhe dosja e AKSHI-t jan\u00eb dosjet e tij.<\/p>\n<p>Berisha theksoi se, megjith\u00eb p\u00ebrpjekjet e tij p\u00ebr t\u00eb shp\u00ebtuar nga akuzat dhe lidhjet me kartelet e drog\u00ebs, Rama nuk mund t\u00eb shp\u00ebtoj\u00eb dot nga pasojat e veprimeve t\u00eb tij.<\/p>\n<p>Berisha: Rama \u00ebsht\u00eb i tmerruar. Rama po b\u00ebn gjith\u00e7ka n\u00eb bot\u00eb, po shpenzon dhjet\u00ebra e qindra milion\u00eb q\u00eb t\u00eb dal\u00eb nga rrethi i kuq, por Rama nuk del nga rrethi i kuq.<\/p>\n<p>Rama nuk shp\u00ebton dot nga lidhjet e tij me kartelet e drog\u00ebs, t\u00eb cilat tashm\u00eb jan\u00eb evidentuar. Por duhet t\u2019u them se dosja Balluku dhe dosja e AKSHI-t jan\u00eb dy doje q\u00eb r\u00ebndojn\u00eb si gur t\u00eb r\u00ebnd\u00eb, si plumb mbi shpatullat dhe trupin e tij sepse ato faktikisht jan\u00eb dosja Rama.<\/p>\n<p>Pra nuk \u00ebsht\u00eb dosja e Mirlind\u00ebs, as e Belind\u00ebs, dosja \u00ebsht\u00eb e Ram\u00ebs dhe Lind\u00ebs s\u00eb Surrelit dhe k\u00ebtu jan\u00eb problemet themelore.<\/p>\n<p>Prandaj ai \u00ebsht\u00eb kaq i tronditur, kaq n\u00eb panik sa edhe fjal\u00ebs normale t\u00eb nj\u00eb fermeri i p\u00ebrgjigjet me arroganc\u00ebn e nj\u00eb harbuti duke mos kontrolluar veten.<\/p>\n","protected":false},"excerpt":{"rendered":"<p>Kryetari i PD, Sali Berisha tha se, Edi Rama \u00ebsht\u00eb i trembur sepse dosja Balluku dhe dosja e AKSHI-t jan\u00eb dosjet e tij. Berisha theksoi se, megjith\u00eb p\u00ebrpjekjet e tij p\u00ebr t\u00eb shp\u00ebtuar nga akuzat dhe lidhjet me kartelet e drog\u00ebs, Rama nuk mund t\u00eb shp\u00ebtoj\u00eb dot nga pasojat e veprimeve t\u00eb tij. Berisha: Rama &hellip;<\/p>\n","protected":false},"author":4,"featured_media":134947,"comment_status":"closed","ping_status":"closed","sticky":false,"template":"","format":"standard","meta":{"footnotes":""},"categories":[37],"tags":[],"class_list":["post-134946","post","type-post","status-publish","format-standard","has-post-thumbnail","","category-politike"],"_links":{"self":[{"href":"https:\/\/rdnews.al\/index.php\/wp-json\/wp\/v2\/posts\/134946","targetHints":{"allow":["GET"]}}],"collection":[{"href":"https:\/\/rdnews.al\/index.php\/wp-json\/wp\/v2\/posts"}],"about":[{"href":"https:\/\/rdnews.al\/index.php\/wp-json\/wp\/v2\/types\/post"}],"author":[{"embeddable":true,"href":"https:\/\/rdnews.al\/index.php\/wp-json\/wp\/v2\/users\/4"}],"replies":[{"embeddable":true,"href":"https:\/\/rdnews.al\/index.php\/wp-json\/wp\/v2\/comments?post=134946"}],"version-history":[{"count":1,"href":"https:\/\/rdnews.al\/index.php\/wp-json\/wp\/v2\/posts\/134946\/revisions"}],"predecessor-version":[{"id":134948,"href":"https:\/\/rdnews.al\/index.php\/wp-json\/wp\/v2\/posts\/134946\/revisions\/134948"}],"wp:featuredmedia":[{"embeddable":true,"href":"https:\/\/rdnews.al\/index.php\/wp-json\/wp\/v2\/media\/134947"}],"wp:attachment":[{"href":"https:\/\/rdnews.al\/index.php\/wp-json\/wp\/v2\/media?parent=134946"}],"wp:term":[{"taxonomy":"category","embeddable":true,"href":"https:\/\/rdnews.al\/index.php\/wp-json\/wp\/v2\/categories?post=134946"},{"taxonomy":"post_tag","embeddable":true,"href":"https:\/\/rdnews.al\/index.php\/wp-json\/wp\/v2\/tags?post=134946"}],"curies":[{"name":"wp","href":"https:\/\/api.w.org\/{rel}","templated":true}]}}