{"id":135111,"date":"2026-02-03T09:22:25","date_gmt":"2026-02-03T09:22:25","guid":{"rendered":"https:\/\/rdnews.al\/?p=135111"},"modified":"2026-02-03T09:22:25","modified_gmt":"2026-02-03T09:22:25","slug":"te-gjithe-jane-te-pakenaqur-por-iu-duhet-nje-popull-hua-per-te-protestuar","status":"publish","type":"post","link":"https:\/\/rdnews.al\/index.php\/2026\/02\/03\/te-gjithe-jane-te-pakenaqur-por-iu-duhet-nje-popull-hua-per-te-protestuar\/","title":{"rendered":"T\u00eb gjith\u00eb jan\u00eb t\u00eb pak\u00ebnaqur, por iu duhet nj\u00eb popull hua p\u00ebr t\u00eb protestuar!"},"content":{"rendered":"<p><strong>Nga Ilda ZHULALI<\/strong><\/p>\n<p>Nis mengjesi, dhe d\u00ebgjoj me durimin sa mali Everest ankesat q\u00eb t\u00eb tregojn\u00eb se deri ku ka arritur vjedhja, makut\u00ebria, paaft\u00ebsia. Se si i afti \u00ebsht\u00eb zhdukur n\u00eb kurbet se doli i mbikualifikuar, dhe i pashkolli \u00ebsht\u00eb b\u00ebr\u00eb inxhinier, doktor, m\u00ebsues, drejtor, kryeminist\u00ebr.<br \/>\nDhe me durimin sa mali Everest d\u00ebgjoj se si u zure me doktorin n\u00eb spital, si desh t\u00eb zuri mali q\u00eb rr\u00ebshqiti mbi rrug\u00eb, si shkolla \u00ebsht\u00eb b\u00ebr\u00eb kasaphane, si duron shefin q\u00eb t\u00eb thot\u00eb fjali q\u00eb as f\u00ebmija yt 5-vje\u00e7ar nuk b\u00ebn gabim t\u2019i shqiptoj\u00eb, deri n\u00eb fundin e fundit se nga ky vend duhet t\u00eb ik\u00ebsh me vrap, dhe duke e mbyllur me shprehjen lapidaro-betonuese: si durojn\u00eb k\u00ebta njer\u00ebz, si nuk reagon ky popull.<br \/>\nSepse ti je n\u00eb k\u00ebrkim t\u00eb nj\u00eb populli tjet\u00ebr q\u00eb reagon n\u00eb emrin t\u00ebnd&#8230; me variantin \u201canonim, ju lutem\u201d. Se t\u00eb p\u00eblqen shum\u00eb kur sheh si protestojn\u00eb francez\u00ebt, italian\u00ebt, madje edhe serb\u00ebt\u2026 ah po\u2026 ata kan\u00eb popuj!<br \/>\nNd\u00ebrsa ti&#8230; ti je gati t\u00eb vras\u00ebsh gruan, t\u00eb shqyesh fqinjin, t\u2019ia thyesh turinjt\u00eb vajz\u00ebs, t\u00eb b\u00ebsh h\u00e0sha v\u00ebllain a mikun, por p\u00ebr t\u00eb protestuar kund\u00ebr qeveris\u00eb&#8230; t\u00eb duhet nj\u00eb popull hua!<br \/>\nShihemi me 10 shkurt!<\/p>\n","protected":false},"excerpt":{"rendered":"<p>Nga Ilda ZHULALI Nis mengjesi, dhe d\u00ebgjoj me durimin sa mali Everest ankesat q\u00eb t\u00eb tregojn\u00eb se deri ku ka arritur vjedhja, makut\u00ebria, paaft\u00ebsia. Se si i afti \u00ebsht\u00eb zhdukur n\u00eb kurbet se doli i mbikualifikuar, dhe i pashkolli \u00ebsht\u00eb b\u00ebr\u00eb inxhinier, doktor, m\u00ebsues, drejtor, kryeminist\u00ebr. Dhe me durimin sa mali Everest d\u00ebgjoj se si &hellip;<\/p>\n","protected":false},"author":4,"featured_media":113175,"comment_status":"closed","ping_status":"closed","sticky":false,"template":"","format":"standard","meta":{"footnotes":""},"categories":[44],"tags":[],"class_list":["post-135111","post","type-post","status-publish","format-standard","has-post-thumbnail","","category-editorial"],"_links":{"self":[{"href":"https:\/\/rdnews.al\/index.php\/wp-json\/wp\/v2\/posts\/135111","targetHints":{"allow":["GET"]}}],"collection":[{"href":"https:\/\/rdnews.al\/index.php\/wp-json\/wp\/v2\/posts"}],"about":[{"href":"https:\/\/rdnews.al\/index.php\/wp-json\/wp\/v2\/types\/post"}],"author":[{"embeddable":true,"href":"https:\/\/rdnews.al\/index.php\/wp-json\/wp\/v2\/users\/4"}],"replies":[{"embeddable":true,"href":"https:\/\/rdnews.al\/index.php\/wp-json\/wp\/v2\/comments?post=135111"}],"version-history":[{"count":1,"href":"https:\/\/rdnews.al\/index.php\/wp-json\/wp\/v2\/posts\/135111\/revisions"}],"predecessor-version":[{"id":135112,"href":"https:\/\/rdnews.al\/index.php\/wp-json\/wp\/v2\/posts\/135111\/revisions\/135112"}],"wp:featuredmedia":[{"embeddable":true,"href":"https:\/\/rdnews.al\/index.php\/wp-json\/wp\/v2\/media\/113175"}],"wp:attachment":[{"href":"https:\/\/rdnews.al\/index.php\/wp-json\/wp\/v2\/media?parent=135111"}],"wp:term":[{"taxonomy":"category","embeddable":true,"href":"https:\/\/rdnews.al\/index.php\/wp-json\/wp\/v2\/categories?post=135111"},{"taxonomy":"post_tag","embeddable":true,"href":"https:\/\/rdnews.al\/index.php\/wp-json\/wp\/v2\/tags?post=135111"}],"curies":[{"name":"wp","href":"https:\/\/api.w.org\/{rel}","templated":true}]}}