{"id":135127,"date":"2026-02-03T11:21:09","date_gmt":"2026-02-03T11:21:09","guid":{"rendered":"https:\/\/rdnews.al\/?p=135127"},"modified":"2026-02-03T11:21:09","modified_gmt":"2026-02-03T11:21:09","slug":"berisha-deputeteve-te-ps-ju-po-mbroni-ramen-por-rama-do-u-marre-me-vete","status":"publish","type":"post","link":"https:\/\/rdnews.al\/index.php\/2026\/02\/03\/berisha-deputeteve-te-ps-ju-po-mbroni-ramen-por-rama-do-u-marre-me-vete\/","title":{"rendered":"Berisha-deputet\u00ebve t\u00eb PS: Ju po mbroni Ram\u00ebn, por Rama do u marr\u00eb me vete!"},"content":{"rendered":"<p>Kryetari i PD, Sali Berisha gjat\u00eb fjal\u00ebs s\u00eb tij n\u00eb Kuvend ju drejtua deputet\u00ebve t\u00eb PS se, ju po mbroni Ram\u00ebn, por Rama do u marr\u00eb me vete.<br \/>\nBerisha tha se, k\u00ebta t\u00eb keqes radikale jan\u00eb njer\u00ebzit m\u00eb t\u00eb pashpirt q\u00eb majmen \u00e7do dit\u00eb duke vjedhur t\u00eb varfrit, duke vjedhur qytetar\u00ebt, duke vjedhur shqiptar\u00ebt.<\/p>\n<p><strong>Berisha:<\/strong> T\u00eb dashur qytetar\u00eb dhe qytetare, un\u00eb fola p\u00ebr t\u00eb keqen banale p\u00ebr k\u00ebta q\u00eb jan\u00eb k\u00ebtu, kurse ai q\u00eb \u00ebsht\u00eb mbrapa me suit\u00ebn e tij, ata jan\u00eb e keqja radikale.<br \/>\nDhe e keqja radikale \u00ebsht\u00eb lig\u00ebsia m\u00eb e madhe njer\u00ebzore.<br \/>\nSepse ata, pra, po, po, se ka t\u00eb keqe banale dhe t\u00eb keqe radikale, e dini ju k\u00ebt\u00eb, n\u00eb doktrin\u00eb.<br \/>\nK\u00ebta t\u00eb keqes radikale jan\u00eb njer\u00ebzit m\u00eb t\u00eb pashpirt q\u00eb majmen \u00e7do dit\u00eb duke vjedhur t\u00eb varfrit, duke vjedhur qytetar\u00ebt, duke vjedhur shqiptar\u00ebt.<br \/>\nK\u00ebta t\u00eb gjith\u00eb k\u00ebtu jan\u00eb e keqja radikale.<br \/>\nK\u00ebta jan\u00eb hajdut\u00eb t\u00eb pashoq.<br \/>\nPor ju q\u00eb i mbroni k\u00ebta dhe nuk ua tregoni vendin, ju jeni e keqja banale.<br \/>\nNdaj dhe nuk ka kuptim, se un\u00eb mund t\u00eb flisja k\u00ebtu p\u00ebr Eskobarin e Ballkanit dhe Europ\u00ebs, p\u00ebr Ramaduron, p\u00ebr \u00e7far\u00eb nuk mund t\u00eb flisja, p\u00ebr drog\u00ebn dhe narkoshtetin.<br \/>\nPor e keqja, ajo q\u00eb b\u00ebni ju k\u00ebtij vendi \u00ebsht\u00eb e tmerrshme, nuk ka t\u00eb ndalur.<br \/>\nPo si mor b\u00ebheni ushtar\u00eb, sh\u00ebrb\u00ebtor\u00eb t\u00eb Lubi Ballukut?<br \/>\nPo \u00e7far\u00eb dinjiteti keni ju q\u00eb b\u00ebni k\u00ebt\u00eb akt?<br \/>\nPo si mor bllokoni ju imunitetin?<br \/>\n\u00c7far\u00eb u thoni ju qytetar\u00ebve, familjar\u00ebve tuaj, q\u00eb ne do mbrojm\u00eb vjedh\u00ebsen, hajduten Lubi Balluku dhe Edi Ram\u00ebn?<br \/>\nPo cili nga familjar\u00ebt tuaj, njer\u00ebzit tuaj, miqt\u00eb tuaj, shok\u00ebt tuaj do miratonte k\u00ebt\u00eb akt?<br \/>\nPo ajo \u00ebsht\u00eb kapur tani?<br \/>\nJu mbroni Ram\u00ebn, por Rama do u marr\u00eb me vete ju.<br \/>\nU garantoj!<br \/>\nKaq!<\/p>\n","protected":false},"excerpt":{"rendered":"<p>Kryetari i PD, Sali Berisha gjat\u00eb fjal\u00ebs s\u00eb tij n\u00eb Kuvend ju drejtua deputet\u00ebve t\u00eb PS se, ju po mbroni Ram\u00ebn, por Rama do u marr\u00eb me vete. Berisha tha se, k\u00ebta t\u00eb keqes radikale jan\u00eb njer\u00ebzit m\u00eb t\u00eb pashpirt q\u00eb majmen \u00e7do dit\u00eb duke vjedhur t\u00eb varfrit, duke vjedhur qytetar\u00ebt, duke vjedhur shqiptar\u00ebt. Berisha: &hellip;<\/p>\n","protected":false},"author":4,"featured_media":135128,"comment_status":"closed","ping_status":"closed","sticky":false,"template":"","format":"standard","meta":{"footnotes":""},"categories":[37],"tags":[],"class_list":["post-135127","post","type-post","status-publish","format-standard","has-post-thumbnail","","category-politike"],"_links":{"self":[{"href":"https:\/\/rdnews.al\/index.php\/wp-json\/wp\/v2\/posts\/135127","targetHints":{"allow":["GET"]}}],"collection":[{"href":"https:\/\/rdnews.al\/index.php\/wp-json\/wp\/v2\/posts"}],"about":[{"href":"https:\/\/rdnews.al\/index.php\/wp-json\/wp\/v2\/types\/post"}],"author":[{"embeddable":true,"href":"https:\/\/rdnews.al\/index.php\/wp-json\/wp\/v2\/users\/4"}],"replies":[{"embeddable":true,"href":"https:\/\/rdnews.al\/index.php\/wp-json\/wp\/v2\/comments?post=135127"}],"version-history":[{"count":1,"href":"https:\/\/rdnews.al\/index.php\/wp-json\/wp\/v2\/posts\/135127\/revisions"}],"predecessor-version":[{"id":135129,"href":"https:\/\/rdnews.al\/index.php\/wp-json\/wp\/v2\/posts\/135127\/revisions\/135129"}],"wp:featuredmedia":[{"embeddable":true,"href":"https:\/\/rdnews.al\/index.php\/wp-json\/wp\/v2\/media\/135128"}],"wp:attachment":[{"href":"https:\/\/rdnews.al\/index.php\/wp-json\/wp\/v2\/media?parent=135127"}],"wp:term":[{"taxonomy":"category","embeddable":true,"href":"https:\/\/rdnews.al\/index.php\/wp-json\/wp\/v2\/categories?post=135127"},{"taxonomy":"post_tag","embeddable":true,"href":"https:\/\/rdnews.al\/index.php\/wp-json\/wp\/v2\/tags?post=135127"}],"curies":[{"name":"wp","href":"https:\/\/api.w.org\/{rel}","templated":true}]}}