{"id":135130,"date":"2026-02-03T11:39:56","date_gmt":"2026-02-03T11:39:56","guid":{"rendered":"https:\/\/rdnews.al\/?p=135130"},"modified":"2026-02-03T11:39:56","modified_gmt":"2026-02-03T11:39:56","slug":"berisha-krimineli-tao-eshte-i-implikuar-ne-afera-te-renda-me-kunaten-e-fate-veles","status":"publish","type":"post","link":"https:\/\/rdnews.al\/index.php\/2026\/02\/03\/berisha-krimineli-tao-eshte-i-implikuar-ne-afera-te-renda-me-kunaten-e-fate-veles\/","title":{"rendered":"Berisha: Krimineli Tao \u00ebsht\u00eb i implikuar n\u00eb afera t\u00eb r\u00ebnda me kunat\u00ebn e Fate Vel\u00ebs!"},"content":{"rendered":"<p>Lideri i opozit\u00ebs, Sali Berisha, gjat\u00eb fjal\u00ebs n\u00eb Kuvend tha se, krimineli Tao \u00ebsht\u00eb i implikuar n\u00eb afera t\u00eb r\u00ebnda me kunat\u00ebn e Fate Vel\u00ebs.<\/p>\n<p><strong>Berisha:<\/strong> Ju doni t\u00eb fshihni t\u00eb keqen banale.<\/p>\n<p>M\u00eb lejoni tua rikujtoj pak se kush \u00ebsht\u00eb parafol\u00ebsi.<\/p>\n<p>Me dat\u00ebn 10.2.2020, Target, ky \u00ebsht\u00eb kaunterparti i tij, informon pinin AM5P80 se kishin r\u00ebn\u00eb dakord mes tyre q\u00eb t\u00eb mos i k\u00ebrkonin kriminelit Tao asnj\u00eb tender publik, asnj\u00eb favor tjet\u00ebr p\u00ebrve\u00e7 atyre q\u00eb kishin r\u00ebn\u00eb dakord t\u00eb k\u00ebrkojn\u00eb.<\/p>\n<p>Ky mesazh iu p\u00ebrcoll kriminelit Tao dhe i dhan\u00eb afat deri n\u00eb dhjetor.<\/p>\n<p>Krimineli Tao iu p\u00ebrgjigj k\u00ebsaj: A garantoni q\u00eb t\u00eb gjith\u00eb ata njer\u00ebz q\u00eb votojn\u00eb p\u00ebr ne n\u00ebse vendosim n\u00eb lista ata q\u00eb thoni ju n\u00eb burg?<\/p>\n<p>P\u00ebrgjigjja ishte: Po, ne e garantojm\u00eb k\u00ebt\u00eb.<\/p>\n<p>M\u00eb pas krimineli Tao: Ata shkojn\u00eb n\u00eb burg k\u00ebt\u00eb vit.<\/p>\n<p>Krimineli Tao \u00ebsht\u00eb i implikuar n\u00eb afera t\u00eb tjera t\u00eb r\u00ebnda me kunat\u00ebn e Fate Vel\u00ebs, nj\u00ebfar\u00eb Eriona Daupaj.<\/p>\n<p>Eriona Daupaj thot\u00eb: Do ta \u00e7oj p\u00ebr sekuestro se do i b\u00ebj nder Taos, kriminelit Tao.<\/p>\n<p>Prisni, se ka t\u00eb tjera prap\u00eb.<\/p>\n<p>Ju lutem, se jan\u00eb shum\u00eb t\u00eb r\u00ebnd\u00ebsishme k\u00ebto p\u00ebr kriminelin Tao.<\/p>\n<p>\u201cK\u00ebto dit\u00eb po m\u00eb pyet do jet\u00eb prap\u00eb Balla apo do jesh ti\u201d<\/p>\n<p>Vladi: Ok se flas un\u00eb me Ball\u00ebn, ia tregoj un\u00eb atij.<\/p>\n<p>D\u00ebgjoni tani se ka shum\u00eb ky.<\/p>\n","protected":false},"excerpt":{"rendered":"<p>Lideri i opozit\u00ebs, Sali Berisha, gjat\u00eb fjal\u00ebs n\u00eb Kuvend tha se, krimineli Tao \u00ebsht\u00eb i implikuar n\u00eb afera t\u00eb r\u00ebnda me kunat\u00ebn e Fate Vel\u00ebs. Berisha: Ju doni t\u00eb fshihni t\u00eb keqen banale. M\u00eb lejoni tua rikujtoj pak se kush \u00ebsht\u00eb parafol\u00ebsi. Me dat\u00ebn 10.2.2020, Target, ky \u00ebsht\u00eb kaunterparti i tij, informon pinin AM5P80 se &hellip;<\/p>\n","protected":false},"author":4,"featured_media":135132,"comment_status":"closed","ping_status":"closed","sticky":false,"template":"","format":"standard","meta":{"footnotes":""},"categories":[37],"tags":[],"class_list":["post-135130","post","type-post","status-publish","format-standard","has-post-thumbnail","","category-politike"],"_links":{"self":[{"href":"https:\/\/rdnews.al\/index.php\/wp-json\/wp\/v2\/posts\/135130","targetHints":{"allow":["GET"]}}],"collection":[{"href":"https:\/\/rdnews.al\/index.php\/wp-json\/wp\/v2\/posts"}],"about":[{"href":"https:\/\/rdnews.al\/index.php\/wp-json\/wp\/v2\/types\/post"}],"author":[{"embeddable":true,"href":"https:\/\/rdnews.al\/index.php\/wp-json\/wp\/v2\/users\/4"}],"replies":[{"embeddable":true,"href":"https:\/\/rdnews.al\/index.php\/wp-json\/wp\/v2\/comments?post=135130"}],"version-history":[{"count":1,"href":"https:\/\/rdnews.al\/index.php\/wp-json\/wp\/v2\/posts\/135130\/revisions"}],"predecessor-version":[{"id":135133,"href":"https:\/\/rdnews.al\/index.php\/wp-json\/wp\/v2\/posts\/135130\/revisions\/135133"}],"wp:featuredmedia":[{"embeddable":true,"href":"https:\/\/rdnews.al\/index.php\/wp-json\/wp\/v2\/media\/135132"}],"wp:attachment":[{"href":"https:\/\/rdnews.al\/index.php\/wp-json\/wp\/v2\/media?parent=135130"}],"wp:term":[{"taxonomy":"category","embeddable":true,"href":"https:\/\/rdnews.al\/index.php\/wp-json\/wp\/v2\/categories?post=135130"},{"taxonomy":"post_tag","embeddable":true,"href":"https:\/\/rdnews.al\/index.php\/wp-json\/wp\/v2\/tags?post=135130"}],"curies":[{"name":"wp","href":"https:\/\/api.w.org\/{rel}","templated":true}]}}